{"id":2016,"date":"2020-03-03T21:57:39","date_gmt":"2020-03-03T20:57:39","guid":{"rendered":"http:\/\/www.parroquiavirgendelcortijo.es\/?p=2016"},"modified":"2020-03-12T05:04:04","modified_gmt":"2020-03-12T04:04:04","slug":"alpha","status":"publish","type":"post","link":"https:\/\/www.parroquiavirgendelcortijo.es\/?p=2016","title":{"rendered":"Alpha"},"content":{"rendered":"<p><a href=\"http:\/\/spain.alpha.org\/\" target=\"_blank\" rel=\"noopener noreferrer\">Alpha<\/a> es una oportunidad para profundizar con amigos en el sentido de la vida, el cristianismo y la fe. Consta de una serie de sesiones interactivas que\u00a0duran entre 8 y 10 semanas, y permite a cualquier persona explorar y reflexionar sobre diversos aspectos sobre la vida y la fe de una manera amigable, abierta e informal.\u00a0En cada sesi\u00f3n plantea una pregunta distinta sobre la vida y la fe, y est\u00e1 dise\u00f1ada para alentar a la conversaci\u00f3n y a la reflexi\u00f3n. Tendremos tiempo para estar juntos,\u00a0charlar, comer, escuchar\u2026<\/p>\n<p>Alpha ha recibido <a href=\"https:\/\/www.youtube.com\/watch?v=sdi9RjvaNPw\" target=\"_blank\" rel=\"noopener noreferrer\">el apoyo de muchos obispos cat\u00f3licos, sacerdotes, religiosos y laicos<\/a>, que est\u00e1n buscando responder al llamado de la Nueva Evangelizaci\u00f3n y muchas parroquias han sido testigos de muchas vidas transformadas por el poder del Evangelio.<\/p>\n<blockquote><p>\u201cPara el disc\u00edpulo de Cristo, evangelizar es una obligaci\u00f3n de amor\u201d<\/p>\n<p style=\"text-align: right;\">San Juan Pablo II<\/p>\n<\/blockquote>\n<p>El <strong>viernes, 20 de marzo, a las 21:00<\/strong>, en la parroquia.<\/p>\n<p><a href=\"http:\/\/spain.alpha.org\/\" target=\"_blank\" rel=\"noopener noreferrer\"><span style=\"color: #ff0000;\"><strong>spain.alpha.org<\/strong><\/span><\/a><\/p>\n","protected":false},"excerpt":{"rendered":"<p>Alpha es una oportunidad para profundizar con amigos en el sentido de la vida, el cristianismo y la fe. Consta de una serie de sesiones interactivas que\u00a0duran entre 8 y &hellip; <a href=\"https:\/\/www.parroquiavirgendelcortijo.es\/?p=2016\" class=\"more-link\">Seguir leyendo <span class=\"screen-reader-text\">Alpha<\/span> <span class=\"meta-nav\">&rarr;<\/span><\/a><\/p>\n","protected":false},"author":1,"featured_media":2017,"comment_status":"closed","ping_status":"closed","sticky":false,"template":"","format":"standard","meta":{"footnotes":""},"categories":[8],"tags":[],"class_list":["post-2016","post","type-post","status-publish","format-standard","has-post-thumbnail","hentry","category-actividades"],"jetpack_featured_media_url":"https:\/\/www.parroquiavirgendelcortijo.es\/wp-content\/uploads\/2020\/03\/act-alpha-dest.jpg","_links":{"self":[{"href":"https:\/\/www.parroquiavirgendelcortijo.es\/index.php?rest_route=\/wp\/v2\/posts\/2016","targetHints":{"allow":["GET"]}}],"collection":[{"href":"https:\/\/www.parroquiavirgendelcortijo.es\/index.php?rest_route=\/wp\/v2\/posts"}],"about":[{"href":"https:\/\/www.parroquiavirgendelcortijo.es\/index.php?rest_route=\/wp\/v2\/types\/post"}],"author":[{"embeddable":true,"href":"https:\/\/www.parroquiavirgendelcortijo.es\/index.php?rest_route=\/wp\/v2\/users\/1"}],"replies":[{"embeddable":true,"href":"https:\/\/www.parroquiavirgendelcortijo.es\/index.php?rest_route=%2Fwp%2Fv2%2Fcomments&post=2016"}],"version-history":[{"count":4,"href":"https:\/\/www.parroquiavirgendelcortijo.es\/index.php?rest_route=\/wp\/v2\/posts\/2016\/revisions"}],"predecessor-version":[{"id":2024,"href":"https:\/\/www.parroquiavirgendelcortijo.es\/index.php?rest_route=\/wp\/v2\/posts\/2016\/revisions\/2024"}],"wp:featuredmedia":[{"embeddable":true,"href":"https:\/\/www.parroquiavirgendelcortijo.es\/index.php?rest_route=\/wp\/v2\/media\/2017"}],"wp:attachment":[{"href":"https:\/\/www.parroquiavirgendelcortijo.es\/index.php?rest_route=%2Fwp%2Fv2%2Fmedia&parent=2016"}],"wp:term":[{"taxonomy":"category","embeddable":true,"href":"https:\/\/www.parroquiavirgendelcortijo.es\/index.php?rest_route=%2Fwp%2Fv2%2Fcategories&post=2016"},{"taxonomy":"post_tag","embeddable":true,"href":"https:\/\/www.parroquiavirgendelcortijo.es\/index.php?rest_route=%2Fwp%2Fv2%2Ftags&post=2016"}],"curies":[{"name":"wp","href":"https:\/\/api.w.org\/{rel}","templated":true}]}}