{"id":2011,"date":"2020-03-02T20:57:51","date_gmt":"2020-03-02T19:57:51","guid":{"rendered":"http:\/\/www.parroquiavirgendelcortijo.es\/?p=2011"},"modified":"2022-02-25T23:55:46","modified_gmt":"2022-02-25T22:55:46","slug":"programa-de-cuaresma","status":"publish","type":"post","link":"https:\/\/www.parroquiavirgendelcortijo.es\/?p=2011","title":{"rendered":"Programa de Cuaresma"},"content":{"rendered":"<p>Durante la cuaresma tendr\u00e1n lugar las siguientes actividades en la parroquia:<\/p>\n<ul>\n<li><strong>rezo de laudes<\/strong>, todos los d\u00edas de cuaresma, desde el lunes, 3 de marzo, a las\u00a0<strong>6:30<\/strong>\u00a0de la ma\u00f1ana<\/li>\n<li><strong>Via Crucis<\/strong>, todos los viernes de cuaresma, a las\u00a0<strong>19:30<\/strong><\/li>\n<\/ul>\n<h1>Programa<\/h1>\n<h3>Martes, 4 de marzo<\/h3>\n<p><strong>20:30<\/strong>\u00a0\u2013\u00a0<strong>Celebraci\u00f3n comunitaria de la Penitencia<\/strong>, dirigida a todos los fieles de la parroquia, para vivir la cuaresma.<\/p>\n<h3>Lunes, 18 de marzo<\/h3>\n<p><strong>20:00<\/strong>\u00a0\u2013\u00a0<strong>Conferencia<\/strong>. <em>Reconocer y cultivar la espiritualidad de los hijos en la familia<\/em>, por Ana Ber\u00e1stegui Pedro-Viejo. Todos los detalles,\u00a0<a href=\"http:\/\/www.parroquiavirgendelcortijo.es\/?p=2008\">aqu\u00ed<\/a>.<\/p>\n<blockquote><p>Queridos hermanos y hermanas:<\/p>\n<p>El Se\u00f1or nos vuelve a conceder este a\u00f1o un tiempo propicio para prepararnos a celebrar con el coraz\u00f3n renovado el gran Misterio de la muerte y resurrecci\u00f3n de Jes\u00fas, fundamento de la vida cristiana personal y comunitaria. Debemos volver continuamente a este Misterio, con la mente y con el coraz\u00f3n. De hecho, este Misterio no deja de crecer en nosotros en la medida en que nos dejamos involucrar por su dinamismo espiritual y lo abrazamos, respondiendo de modo libre y generoso.<\/p>\n<p><strong>Del\u00a0<a href=\"http:\/\/www.vatican.va\/content\/francesco\/es\/messages\/lent\/documents\/papa-francesco_20191007_messaggio-quaresima2020.html\" target=\"_blank\" rel=\"noopener noreferrer\">mensaje de Cuaresma 2020<\/a>, Papa Francisco<\/strong><\/p><\/blockquote>\n<p>&nbsp;<\/p>\n<p><span style=\"color: #808080;\">Imagen de<\/span> <a href=\"https:\/\/flickr.com\/photos\/televisionfags\/6942383703\/\" target=\"_blank\" rel=\"noopener noreferrer\">Ana Josefa Labarthe<\/a><span style=\"color: #808080;\">\u00a0en\u00a0<\/span><a href=\"https:\/\/www.flickr.com\/\">Flickr<\/a><span style=\"color: #808080;\">. Encuadre.\u00a0Licencia\u00a0<a href=\"https:\/\/creativecommons.org\/licenses\/by-sa\/2.0\/deed.es\" target=\"_blank\" rel=\"noopener\">CC BY-SA 2.0.<\/a><\/span><\/p>\n","protected":false},"excerpt":{"rendered":"<p>Durante la cuaresma tendr\u00e1n lugar las siguientes actividades en la parroquia: rezo de laudes, todos los d\u00edas de cuaresma, desde el lunes, 3 de marzo, a las\u00a06:30\u00a0de la ma\u00f1ana Via &hellip; <a href=\"https:\/\/www.parroquiavirgendelcortijo.es\/?p=2011\" class=\"more-link\">Seguir leyendo <span class=\"screen-reader-text\">Programa de Cuaresma<\/span> <span class=\"meta-nav\">&rarr;<\/span><\/a><\/p>\n","protected":false},"author":1,"featured_media":2012,"comment_status":"closed","ping_status":"closed","sticky":false,"template":"","format":"standard","meta":{"footnotes":""},"categories":[8,9],"tags":[],"class_list":["post-2011","post","type-post","status-publish","format-standard","has-post-thumbnail","hentry","category-actividades","category-pastoral"],"jetpack_featured_media_url":"https:\/\/www.parroquiavirgendelcortijo.es\/wp-content\/uploads\/2020\/03\/act-cuaresma2020-dest.jpg","_links":{"self":[{"href":"https:\/\/www.parroquiavirgendelcortijo.es\/index.php?rest_route=\/wp\/v2\/posts\/2011","targetHints":{"allow":["GET"]}}],"collection":[{"href":"https:\/\/www.parroquiavirgendelcortijo.es\/index.php?rest_route=\/wp\/v2\/posts"}],"about":[{"href":"https:\/\/www.parroquiavirgendelcortijo.es\/index.php?rest_route=\/wp\/v2\/types\/post"}],"author":[{"embeddable":true,"href":"https:\/\/www.parroquiavirgendelcortijo.es\/index.php?rest_route=\/wp\/v2\/users\/1"}],"replies":[{"embeddable":true,"href":"https:\/\/www.parroquiavirgendelcortijo.es\/index.php?rest_route=%2Fwp%2Fv2%2Fcomments&post=2011"}],"version-history":[{"count":4,"href":"https:\/\/www.parroquiavirgendelcortijo.es\/index.php?rest_route=\/wp\/v2\/posts\/2011\/revisions"}],"predecessor-version":[{"id":2860,"href":"https:\/\/www.parroquiavirgendelcortijo.es\/index.php?rest_route=\/wp\/v2\/posts\/2011\/revisions\/2860"}],"wp:featuredmedia":[{"embeddable":true,"href":"https:\/\/www.parroquiavirgendelcortijo.es\/index.php?rest_route=\/wp\/v2\/media\/2012"}],"wp:attachment":[{"href":"https:\/\/www.parroquiavirgendelcortijo.es\/index.php?rest_route=%2Fwp%2Fv2%2Fmedia&parent=2011"}],"wp:term":[{"taxonomy":"category","embeddable":true,"href":"https:\/\/www.parroquiavirgendelcortijo.es\/index.php?rest_route=%2Fwp%2Fv2%2Fcategories&post=2011"},{"taxonomy":"post_tag","embeddable":true,"href":"https:\/\/www.parroquiavirgendelcortijo.es\/index.php?rest_route=%2Fwp%2Fv2%2Ftags&post=2011"}],"curies":[{"name":"wp","href":"https:\/\/api.w.org\/{rel}","templated":true}]}}