{"id":1980,"date":"2020-02-08T08:37:30","date_gmt":"2020-02-08T07:37:30","guid":{"rendered":"http:\/\/www.parroquiavirgendelcortijo.es\/?p=1980"},"modified":"2020-02-25T21:49:32","modified_gmt":"2020-02-25T20:49:32","slug":"fiesta-parroquial-virgen-del-cortijo-4","status":"publish","type":"post","link":"https:\/\/www.parroquiavirgendelcortijo.es\/?p=1980","title":{"rendered":"Fiesta parroquial Virgen del Cortijo"},"content":{"rendered":"<p>Con motivo del XXIX aniversario de la consagraci\u00f3n del templo, celebraremos las siguientes actividades:<\/p>\n<h2>Novena de preparaci\u00f3n a la fiesta<\/h2>\n<h3>Viernes, 7 \u00a0al s\u00e1bado, 15 de febrero: novena<\/h3>\n<ul>\n<li><strong>19:00<\/strong> &#8211; <span style=\"color: #005050;\">Misa.<\/span><\/li>\n<li><strong>19:30<\/strong> &#8211; <span style=\"color: #005050;\">Novena.<\/span><\/li>\n<\/ul>\n<p>\u00a1Atenci\u00f3n al cambio de horario el domingo 9!<\/p>\n<ul>\n<li><strong>19:30<\/strong> &#8211; <span style=\"color: #005050;\">Novena.<\/span><\/li>\n<li><strong>20:00<\/strong> &#8211; <span style=\"color: #005050;\">Misa.<\/span><\/li>\n<\/ul>\n<h3>Viernes, 14 de febrero<\/h3>\n<ul>\n<li><strong>17:30<\/strong> &#8211; Cuentacuentos para peques, con Azucena Cirilo.<\/li>\n<li><strong>18:30<\/strong> &#8211; Concierto de rap: <a href=\"https:\/\/www.youtube.com\/channel\/UCggXeR2Zuhhof7DPJ7PNnBQ\" target=\"_blank\" rel=\"noopener noreferrer\">Grilex<\/a>.<\/li>\n<\/ul>\n<h3>Domingo, 16 de febrero: fiesta parroquial<\/h3>\n<ul>\n<li><strong>11:00<\/strong> &#8211; <strong><span style=\"color: #005050;\">Procesi\u00f3n<\/span><\/strong>. Salida desde la plaza de la parroquia, subida por la avenida de Manoteras, descenso por la calle O\u00f1a y retorno.<\/li>\n<li><strong>12:00<\/strong> &#8211; <span style=\"color: #005050;\"><strong>Eucarist\u00eda solemne<\/strong> con la participaci\u00f3n de los ni\u00f1os de catequesis<\/span>.<\/li>\n<li><strong>13:00<\/strong> &#8211; <strong><span style=\"color: #005050;\">Juegos en la plaza<\/span><\/strong>: torneo de f\u00fatbol padres e hijos (previa inscripci\u00f3n), pintacaras y carrera de globos. Tendremos puestos de perritos calientes, miniburgers y bebidas. Y tambi\u00e9n emocionantes sorteos.<\/li>\n<li><strong>14:00<\/strong> &#8211; <a href=\"http:\/\/www.parroquiavirgendelcortijo.es\/?p=1986\"><strong>VII concurso gastron\u00f3mico<\/strong> de tortillas y postres + concurso MasterChef junior<\/a>. Mientras se desarrollan los concursos, compartiremos un \u00e1gape.<\/li>\n<li><strong>15:30<\/strong> &#8211; <strong>Apertura de la zona chill-out<\/strong>, con caf\u00e9, t\u00e9, infusiones, pastas&#8230;<\/li>\n<\/ul>\n<p><a href=\"http:\/\/www.parroquiavirgendelcortijo.es\/wp-content\/uploads\/2020\/02\/act-fiestaParroquial2020.jpg\"><img loading=\"lazy\" decoding=\"async\" class=\"aligncenter size-full wp-image-1983\" src=\"http:\/\/www.parroquiavirgendelcortijo.es\/wp-content\/uploads\/2020\/02\/act-fiestaParroquial2020.jpg\" alt=\"\" width=\"750\" height=\"1000\" srcset=\"https:\/\/www.parroquiavirgendelcortijo.es\/wp-content\/uploads\/2020\/02\/act-fiestaParroquial2020.jpg 750w, https:\/\/www.parroquiavirgendelcortijo.es\/wp-content\/uploads\/2020\/02\/act-fiestaParroquial2020-225x300.jpg 225w\" sizes=\"auto, (max-width: 750px) 100vw, 750px\" \/><\/a><\/p>\n","protected":false},"excerpt":{"rendered":"<p>Con motivo del XXIX aniversario de la consagraci\u00f3n del templo, celebraremos las siguientes actividades: Novena de preparaci\u00f3n a la fiesta Viernes, 7 \u00a0al s\u00e1bado, 15 de febrero: novena 19:00 &#8211; &hellip; <a href=\"https:\/\/www.parroquiavirgendelcortijo.es\/?p=1980\" class=\"more-link\">Seguir leyendo <span class=\"screen-reader-text\">Fiesta parroquial Virgen del Cortijo<\/span> <span class=\"meta-nav\">&rarr;<\/span><\/a><\/p>\n","protected":false},"author":1,"featured_media":1981,"comment_status":"closed","ping_status":"closed","sticky":false,"template":"","format":"standard","meta":{"footnotes":""},"categories":[8],"tags":[],"class_list":["post-1980","post","type-post","status-publish","format-standard","has-post-thumbnail","hentry","category-actividades"],"jetpack_featured_media_url":"https:\/\/www.parroquiavirgendelcortijo.es\/wp-content\/uploads\/2020\/02\/act-fiestaParroquial2020-dest.gif","_links":{"self":[{"href":"https:\/\/www.parroquiavirgendelcortijo.es\/index.php?rest_route=\/wp\/v2\/posts\/1980","targetHints":{"allow":["GET"]}}],"collection":[{"href":"https:\/\/www.parroquiavirgendelcortijo.es\/index.php?rest_route=\/wp\/v2\/posts"}],"about":[{"href":"https:\/\/www.parroquiavirgendelcortijo.es\/index.php?rest_route=\/wp\/v2\/types\/post"}],"author":[{"embeddable":true,"href":"https:\/\/www.parroquiavirgendelcortijo.es\/index.php?rest_route=\/wp\/v2\/users\/1"}],"replies":[{"embeddable":true,"href":"https:\/\/www.parroquiavirgendelcortijo.es\/index.php?rest_route=%2Fwp%2Fv2%2Fcomments&post=1980"}],"version-history":[{"count":3,"href":"https:\/\/www.parroquiavirgendelcortijo.es\/index.php?rest_route=\/wp\/v2\/posts\/1980\/revisions"}],"predecessor-version":[{"id":1990,"href":"https:\/\/www.parroquiavirgendelcortijo.es\/index.php?rest_route=\/wp\/v2\/posts\/1980\/revisions\/1990"}],"wp:featuredmedia":[{"embeddable":true,"href":"https:\/\/www.parroquiavirgendelcortijo.es\/index.php?rest_route=\/wp\/v2\/media\/1981"}],"wp:attachment":[{"href":"https:\/\/www.parroquiavirgendelcortijo.es\/index.php?rest_route=%2Fwp%2Fv2%2Fmedia&parent=1980"}],"wp:term":[{"taxonomy":"category","embeddable":true,"href":"https:\/\/www.parroquiavirgendelcortijo.es\/index.php?rest_route=%2Fwp%2Fv2%2Fcategories&post=1980"},{"taxonomy":"post_tag","embeddable":true,"href":"https:\/\/www.parroquiavirgendelcortijo.es\/index.php?rest_route=%2Fwp%2Fv2%2Ftags&post=1980"}],"curies":[{"name":"wp","href":"https:\/\/api.w.org\/{rel}","templated":true}]}}