{"id":1916,"date":"2019-12-04T23:58:19","date_gmt":"2019-12-04T22:58:19","guid":{"rendered":"http:\/\/www.parroquiavirgendelcortijo.es\/?p=1916"},"modified":"2021-10-09T09:13:09","modified_gmt":"2021-10-09T07:13:09","slug":"sembradores-de-estrellas-2019","status":"publish","type":"post","link":"https:\/\/www.parroquiavirgendelcortijo.es\/?p=1916","title":{"rendered":"Sembradores de estrellas 2019"},"content":{"rendered":"<p>El s\u00e1bado, 21 de diciembre, de 11:00 a 12:30, tendr\u00e1 \u00a0lugar nuestro tradicional\u00a0encuentro\u00a0<em>Sembradores de estrellas<\/em>.\u00a0Felicitaremos la Navidad a los enfermos en el\u00a0<a href=\"https:\/\/www.hmhospitales.com\/sobre-hm\/hospitales-madrid-galicia\/hospital-sanchinarro-madrid\" target=\"_blank\" rel=\"noopener noreferrer\">Hospital Universitario HM Sanchinarro<\/a>, cantando villancicos acompa\u00f1ados de los ni\u00f1os de catequesis y de los padres que deseen unirse.<\/p>\n<p>Desde la Pastoral de la Salud, queremos hacer presente esta alegr\u00eda del nacimiento de Jes\u00fas comparti\u00e9ndolo con los enfermos y familiares que han de pasar estos d\u00edas en el hospital, y tambi\u00e9n hacerlo extensivo a todo el personal sanitario.<\/p>\n<p>Creemos que los ni\u00f1os \u2013y su presencia en el anuncio de la Navidad, con la entrega de las estrellas y los villancicos\u2013 son reflejo de la respuesta que los pastores tuvieron ante el anuncio del nacimiento del Salvador.<\/p>\n<p>All\u00ed donde reina tantas veces el sufrimiento, el desconcierto, la ausencia de paz y una gran incertidumbre, queremos llevar el anuncio de la paz de Cristo, de su amor y el consuelo de Dios para los m\u00e1s d\u00e9biles y necesitados. El Dios Emmanuel es el Dios-con-nosotros.<\/p>\n","protected":false},"excerpt":{"rendered":"<p>El s\u00e1bado, 21 de diciembre, de 11:00 a 12:30, tendr\u00e1 \u00a0lugar nuestro tradicional\u00a0encuentro\u00a0Sembradores de estrellas.\u00a0Felicitaremos la Navidad a los enfermos en el\u00a0Hospital Universitario HM Sanchinarro, cantando villancicos acompa\u00f1ados de los &hellip; <a href=\"https:\/\/www.parroquiavirgendelcortijo.es\/?p=1916\" class=\"more-link\">Seguir leyendo <span class=\"screen-reader-text\">Sembradores de estrellas 2019<\/span> <span class=\"meta-nav\">&rarr;<\/span><\/a><\/p>\n","protected":false},"author":1,"featured_media":1918,"comment_status":"closed","ping_status":"closed","sticky":false,"template":"","format":"standard","meta":{"footnotes":""},"categories":[8,9,36],"tags":[],"class_list":["post-1916","post","type-post","status-publish","format-standard","has-post-thumbnail","hentry","category-actividades","category-pastoral","category-p-salud"],"jetpack_featured_media_url":"https:\/\/www.parroquiavirgendelcortijo.es\/wp-content\/uploads\/2019\/12\/pas-sembradoresDeEstrellas2019-dest.jpg","_links":{"self":[{"href":"https:\/\/www.parroquiavirgendelcortijo.es\/index.php?rest_route=\/wp\/v2\/posts\/1916","targetHints":{"allow":["GET"]}}],"collection":[{"href":"https:\/\/www.parroquiavirgendelcortijo.es\/index.php?rest_route=\/wp\/v2\/posts"}],"about":[{"href":"https:\/\/www.parroquiavirgendelcortijo.es\/index.php?rest_route=\/wp\/v2\/types\/post"}],"author":[{"embeddable":true,"href":"https:\/\/www.parroquiavirgendelcortijo.es\/index.php?rest_route=\/wp\/v2\/users\/1"}],"replies":[{"embeddable":true,"href":"https:\/\/www.parroquiavirgendelcortijo.es\/index.php?rest_route=%2Fwp%2Fv2%2Fcomments&post=1916"}],"version-history":[{"count":2,"href":"https:\/\/www.parroquiavirgendelcortijo.es\/index.php?rest_route=\/wp\/v2\/posts\/1916\/revisions"}],"predecessor-version":[{"id":1919,"href":"https:\/\/www.parroquiavirgendelcortijo.es\/index.php?rest_route=\/wp\/v2\/posts\/1916\/revisions\/1919"}],"wp:featuredmedia":[{"embeddable":true,"href":"https:\/\/www.parroquiavirgendelcortijo.es\/index.php?rest_route=\/wp\/v2\/media\/1918"}],"wp:attachment":[{"href":"https:\/\/www.parroquiavirgendelcortijo.es\/index.php?rest_route=%2Fwp%2Fv2%2Fmedia&parent=1916"}],"wp:term":[{"taxonomy":"category","embeddable":true,"href":"https:\/\/www.parroquiavirgendelcortijo.es\/index.php?rest_route=%2Fwp%2Fv2%2Fcategories&post=1916"},{"taxonomy":"post_tag","embeddable":true,"href":"https:\/\/www.parroquiavirgendelcortijo.es\/index.php?rest_route=%2Fwp%2Fv2%2Ftags&post=1916"}],"curies":[{"name":"wp","href":"https:\/\/api.w.org\/{rel}","templated":true}]}}