{"id":1866,"date":"2019-11-05T23:12:07","date_gmt":"2019-11-05T22:12:07","guid":{"rendered":"http:\/\/www.parroquiavirgendelcortijo.es\/?p=1866"},"modified":"2019-12-24T18:06:47","modified_gmt":"2019-12-24T17:06:47","slug":"evangelios-2020","status":"publish","type":"post","link":"https:\/\/www.parroquiavirgendelcortijo.es\/?p=1866","title":{"rendered":"Evangelios 2020"},"content":{"rendered":"<p>El libro\u00a0de los\u00a0Evangelios de 2020, en edici\u00f3n especial, personalizada para nuestra\u00a0parroquia Virgen del Cortijo, estar\u00e1 disponible desde el pr\u00f3ximo s\u00e1bado, 23 de noviembre. \u00a1No os qued\u00e9is sin el vuestro!<\/p>\n","protected":false},"excerpt":{"rendered":"<p>El libro\u00a0de los\u00a0Evangelios de 2020, en edici\u00f3n especial, personalizada para nuestra\u00a0parroquia Virgen del Cortijo, estar\u00e1 disponible desde el pr\u00f3ximo s\u00e1bado, 23 de noviembre. \u00a1No os qued\u00e9is sin el vuestro!<\/p>\n","protected":false},"author":1,"featured_media":1867,"comment_status":"closed","ping_status":"closed","sticky":false,"template":"","format":"standard","meta":{"footnotes":""},"categories":[22],"tags":[],"class_list":["post-1866","post","type-post","status-publish","format-standard","has-post-thumbnail","hentry","category-avisos"],"jetpack_featured_media_url":"https:\/\/www.parroquiavirgendelcortijo.es\/wp-content\/uploads\/2019\/11\/gral-evangelios2020-dest.jpg","_links":{"self":[{"href":"https:\/\/www.parroquiavirgendelcortijo.es\/index.php?rest_route=\/wp\/v2\/posts\/1866","targetHints":{"allow":["GET"]}}],"collection":[{"href":"https:\/\/www.parroquiavirgendelcortijo.es\/index.php?rest_route=\/wp\/v2\/posts"}],"about":[{"href":"https:\/\/www.parroquiavirgendelcortijo.es\/index.php?rest_route=\/wp\/v2\/types\/post"}],"author":[{"embeddable":true,"href":"https:\/\/www.parroquiavirgendelcortijo.es\/index.php?rest_route=\/wp\/v2\/users\/1"}],"replies":[{"embeddable":true,"href":"https:\/\/www.parroquiavirgendelcortijo.es\/index.php?rest_route=%2Fwp%2Fv2%2Fcomments&post=1866"}],"version-history":[{"count":3,"href":"https:\/\/www.parroquiavirgendelcortijo.es\/index.php?rest_route=\/wp\/v2\/posts\/1866\/revisions"}],"predecessor-version":[{"id":1870,"href":"https:\/\/www.parroquiavirgendelcortijo.es\/index.php?rest_route=\/wp\/v2\/posts\/1866\/revisions\/1870"}],"wp:featuredmedia":[{"embeddable":true,"href":"https:\/\/www.parroquiavirgendelcortijo.es\/index.php?rest_route=\/wp\/v2\/media\/1867"}],"wp:attachment":[{"href":"https:\/\/www.parroquiavirgendelcortijo.es\/index.php?rest_route=%2Fwp%2Fv2%2Fmedia&parent=1866"}],"wp:term":[{"taxonomy":"category","embeddable":true,"href":"https:\/\/www.parroquiavirgendelcortijo.es\/index.php?rest_route=%2Fwp%2Fv2%2Fcategories&post=1866"},{"taxonomy":"post_tag","embeddable":true,"href":"https:\/\/www.parroquiavirgendelcortijo.es\/index.php?rest_route=%2Fwp%2Fv2%2Ftags&post=1866"}],"curies":[{"name":"wp","href":"https:\/\/api.w.org\/{rel}","templated":true}]}}