{"id":1859,"date":"2019-10-29T22:17:46","date_gmt":"2019-10-29T21:17:46","guid":{"rendered":"http:\/\/www.parroquiavirgendelcortijo.es\/?p=1859"},"modified":"2019-11-09T12:54:34","modified_gmt":"2019-11-09T11:54:34","slug":"loteria-de-navidad","status":"publish","type":"post","link":"https:\/\/www.parroquiavirgendelcortijo.es\/?p=1859","title":{"rendered":"Loter\u00eda de Navidad"},"content":{"rendered":"<p>68041. Ese es el n\u00famero de la suerte este a\u00f1o. Papeletas disponibles ya, en la\u00a0parroquia y tambi\u00e9n a trav\u00e9s de nuestros\u00a0colaboradores. \u00bfY si toca aqu\u00ed?<\/p>\n<p>Agradecemos el apoyo\u00a0de Azahar flores, Carnicer\u00eda Higinio Mart\u00edn, Ferreter\u00eda Alonso, Supermercados Villa de Madrid y Farmacia M\u00aa del Rosario G\u00f3mez Gonz\u00e1lez.<\/p>\n","protected":false},"excerpt":{"rendered":"<p>68041. Ese es el n\u00famero de la suerte este a\u00f1o. Papeletas disponibles ya, en la\u00a0parroquia y tambi\u00e9n a trav\u00e9s de nuestros\u00a0colaboradores. \u00bfY si toca aqu\u00ed? Agradecemos el apoyo\u00a0de Azahar flores, &hellip; <a href=\"https:\/\/www.parroquiavirgendelcortijo.es\/?p=1859\" class=\"more-link\">Seguir leyendo <span class=\"screen-reader-text\">Loter\u00eda de Navidad<\/span> <span class=\"meta-nav\">&rarr;<\/span><\/a><\/p>\n","protected":false},"author":1,"featured_media":1860,"comment_status":"closed","ping_status":"closed","sticky":false,"template":"","format":"standard","meta":{"footnotes":""},"categories":[22],"tags":[],"class_list":["post-1859","post","type-post","status-publish","format-standard","has-post-thumbnail","hentry","category-avisos"],"jetpack_featured_media_url":"https:\/\/www.parroquiavirgendelcortijo.es\/wp-content\/uploads\/2019\/10\/gral-loteriaNavidad2019-dest.jpg","_links":{"self":[{"href":"https:\/\/www.parroquiavirgendelcortijo.es\/index.php?rest_route=\/wp\/v2\/posts\/1859","targetHints":{"allow":["GET"]}}],"collection":[{"href":"https:\/\/www.parroquiavirgendelcortijo.es\/index.php?rest_route=\/wp\/v2\/posts"}],"about":[{"href":"https:\/\/www.parroquiavirgendelcortijo.es\/index.php?rest_route=\/wp\/v2\/types\/post"}],"author":[{"embeddable":true,"href":"https:\/\/www.parroquiavirgendelcortijo.es\/index.php?rest_route=\/wp\/v2\/users\/1"}],"replies":[{"embeddable":true,"href":"https:\/\/www.parroquiavirgendelcortijo.es\/index.php?rest_route=%2Fwp%2Fv2%2Fcomments&post=1859"}],"version-history":[{"count":2,"href":"https:\/\/www.parroquiavirgendelcortijo.es\/index.php?rest_route=\/wp\/v2\/posts\/1859\/revisions"}],"predecessor-version":[{"id":1862,"href":"https:\/\/www.parroquiavirgendelcortijo.es\/index.php?rest_route=\/wp\/v2\/posts\/1859\/revisions\/1862"}],"wp:featuredmedia":[{"embeddable":true,"href":"https:\/\/www.parroquiavirgendelcortijo.es\/index.php?rest_route=\/wp\/v2\/media\/1860"}],"wp:attachment":[{"href":"https:\/\/www.parroquiavirgendelcortijo.es\/index.php?rest_route=%2Fwp%2Fv2%2Fmedia&parent=1859"}],"wp:term":[{"taxonomy":"category","embeddable":true,"href":"https:\/\/www.parroquiavirgendelcortijo.es\/index.php?rest_route=%2Fwp%2Fv2%2Fcategories&post=1859"},{"taxonomy":"post_tag","embeddable":true,"href":"https:\/\/www.parroquiavirgendelcortijo.es\/index.php?rest_route=%2Fwp%2Fv2%2Ftags&post=1859"}],"curies":[{"name":"wp","href":"https:\/\/api.w.org\/{rel}","templated":true}]}}