{"id":1801,"date":"2020-01-10T22:59:43","date_gmt":"2020-01-10T21:59:43","guid":{"rendered":"http:\/\/www.parroquiavirgendelcortijo.es\/?p=1801"},"modified":"2021-10-09T09:08:43","modified_gmt":"2021-10-09T07:08:43","slug":"conferencia-casarse-para-que","status":"publish","type":"post","link":"https:\/\/www.parroquiavirgendelcortijo.es\/?p=1801","title":{"rendered":"Conferencia: Casarse&#8230; \u00bfpara qu\u00e9?"},"content":{"rendered":"<p>El lunes, 20 de enero, a las 20:00, Fernando Vidal, soci\u00f3logo y director del\u00a0<a href=\"https:\/\/www.comillas.edu\/es\/presentacion-familia\" target=\"_blank\" rel=\"noopener noreferrer\">Instituto Universitario de la Familia<\/a>\u00a0de la\u00a0<a href=\"https:\/\/www.comillas.edu\/es\/\" target=\"_blank\" rel=\"noopener noreferrer\">Universidad Pontificia de Comillas<\/a>, ofrecer\u00e1 una charla con t\u00edtulo <em>Casarse\u2026 \u00bfpara qu\u00e9?<\/em><\/p>\n<p>En esta charla, Fernando presentar\u00e1 los resultados de un completo estudio sociol\u00f3gico sobre la situaci\u00f3n de la pareja en la Comunidad de Madrid, cubriendo\u00a0diversidad de creencias, ideolog\u00edas, edades, recorridos vitales y extracci\u00f3n social.<\/p>\n<p>Los resultados completos de este estudio est\u00e1n disponibles en <a href=\"https:\/\/blogs.comillas.edu\/informefamilia\/informe-familia\/\" target=\"_blank\" rel=\"noopener noreferrer\">la web del Informe familia<\/a> y tambi\u00e9n en su reciente libro \u00a0<a href=\"https:\/\/dialnet.unirioja.es\/servlet\/libro?codigo=742886\" target=\"_blank\" rel=\"noopener noreferrer\"><em>Conyugalidad positiva<\/em><\/a>.<\/p>\n","protected":false},"excerpt":{"rendered":"<p>El lunes, 20 de enero, a las 20:00, Fernando Vidal, soci\u00f3logo y director del\u00a0Instituto Universitario de la Familia\u00a0de la\u00a0Universidad Pontificia de Comillas, ofrecer\u00e1 una charla con t\u00edtulo Casarse\u2026 \u00bfpara qu\u00e9? &hellip; <a href=\"https:\/\/www.parroquiavirgendelcortijo.es\/?p=1801\" class=\"more-link\">Seguir leyendo <span class=\"screen-reader-text\">Conferencia: Casarse&#8230; \u00bfpara qu\u00e9?<\/span> <span class=\"meta-nav\">&rarr;<\/span><\/a><\/p>\n","protected":false},"author":1,"featured_media":1802,"comment_status":"closed","ping_status":"closed","sticky":false,"template":"","format":"standard","meta":{"footnotes":""},"categories":[8,9,35],"tags":[],"class_list":["post-1801","post","type-post","status-publish","format-standard","has-post-thumbnail","hentry","category-actividades","category-pastoral","category-p-familia"],"jetpack_featured_media_url":"https:\/\/www.parroquiavirgendelcortijo.es\/wp-content\/uploads\/2019\/09\/act-casarseParaQue-dest.jpg","_links":{"self":[{"href":"https:\/\/www.parroquiavirgendelcortijo.es\/index.php?rest_route=\/wp\/v2\/posts\/1801","targetHints":{"allow":["GET"]}}],"collection":[{"href":"https:\/\/www.parroquiavirgendelcortijo.es\/index.php?rest_route=\/wp\/v2\/posts"}],"about":[{"href":"https:\/\/www.parroquiavirgendelcortijo.es\/index.php?rest_route=\/wp\/v2\/types\/post"}],"author":[{"embeddable":true,"href":"https:\/\/www.parroquiavirgendelcortijo.es\/index.php?rest_route=\/wp\/v2\/users\/1"}],"replies":[{"embeddable":true,"href":"https:\/\/www.parroquiavirgendelcortijo.es\/index.php?rest_route=%2Fwp%2Fv2%2Fcomments&post=1801"}],"version-history":[{"count":4,"href":"https:\/\/www.parroquiavirgendelcortijo.es\/index.php?rest_route=\/wp\/v2\/posts\/1801\/revisions"}],"predecessor-version":[{"id":1978,"href":"https:\/\/www.parroquiavirgendelcortijo.es\/index.php?rest_route=\/wp\/v2\/posts\/1801\/revisions\/1978"}],"wp:featuredmedia":[{"embeddable":true,"href":"https:\/\/www.parroquiavirgendelcortijo.es\/index.php?rest_route=\/wp\/v2\/media\/1802"}],"wp:attachment":[{"href":"https:\/\/www.parroquiavirgendelcortijo.es\/index.php?rest_route=%2Fwp%2Fv2%2Fmedia&parent=1801"}],"wp:term":[{"taxonomy":"category","embeddable":true,"href":"https:\/\/www.parroquiavirgendelcortijo.es\/index.php?rest_route=%2Fwp%2Fv2%2Fcategories&post=1801"},{"taxonomy":"post_tag","embeddable":true,"href":"https:\/\/www.parroquiavirgendelcortijo.es\/index.php?rest_route=%2Fwp%2Fv2%2Ftags&post=1801"}],"curies":[{"name":"wp","href":"https:\/\/api.w.org\/{rel}","templated":true}]}}