{"id":1683,"date":"2019-03-13T18:22:09","date_gmt":"2019-03-13T17:22:09","guid":{"rendered":"http:\/\/www.parroquiavirgendelcortijo.es\/?p=1683"},"modified":"2019-03-29T21:11:40","modified_gmt":"2019-03-29T20:11:40","slug":"dia-del-seminario-2019","status":"publish","type":"post","link":"https:\/\/www.parroquiavirgendelcortijo.es\/?p=1683","title":{"rendered":"D\u00eda del seminario 2019"},"content":{"rendered":"<p>Los d\u00edas 17 y 19 de marzo se celebra el d\u00eda del seminario.<\/p>\n<blockquote><p>La familia, en la medida en que adquiere conciencia de su singular vocaci\u00f3n y corresponde a ella, se convierte en una comunidad de santificaci\u00f3n en la cual se aprende a vivir la bondad, la justicia, la misericordia, la castidad, la paz, la pureza del coraz\u00f3n (cf. <em>Ef<\/em> 4, 1-4; <em><a href=\"http:\/\/w2.vatican.va\/content\/john-paul-ii\/es\/apost_exhortations\/documents\/hf_jp-ii_exh_19811122_familiaris-consortio.html\">Familiaris consortio<\/a><\/em>, n. 21); se convierte, en otras palabras, en lo que san Juan Cris\u00f3stomo llama \u201cIglesia dom\u00e9stica\u201d, es decir, el lugar en el que Jesucristo vive y trabaja por la salvaci\u00f3n de los hombres y por el aumento del Reino de Dios (&#8230;).<\/p>\n<p>Los padres cristianos, desde la primera edad de sus hijos, manifiestan hacia ellos diligencia amorosa, les comunican con el ejemplo y con las palabras una sincera y vivida relaci\u00f3n con Dios, hecha de amor, de fidelidad, de oraci\u00f3n y de obediencia (cf. <em><a href=\"http:\/\/www.vatican.va\/archive\/hist_councils\/ii_vatican_council\/documents\/vat-ii_const_19641121_lumen-gentium_sp.html\">Lumen gentium<\/a><\/em>, n. 35; <em><a href=\"http:\/\/www.vatican.va\/archive\/hist_councils\/ii_vatican_council\/documents\/vat-ii_decree_19651118_apostolicam-actuositatem_sp.html\">Apostolicam actuositatem<\/a><\/em>, n. 11). Los padres, pues, favorecen la santidad de los hijos y hacen que sus corazones sean d\u00f3ciles a la voz del Buen Pastor, que llama a todos los hombres a seguirlo y a buscar, en primer t\u00e9rmino, el reino de Dios.<\/p>\n<p>A la luz de este horizonte de gracia divina y de responsabilidad humana, la familia puede ser considerada como un \u201cjard\u00edn\u201d o como \u201cprimer seminario\u201d en los que las semillas de vocaci\u00f3n, que Dios derrama a manos llenas, est\u00e1n en condiciones de florecer y de crecer hasta la plena madurez (cf. <em><a href=\"http:\/\/www.vatican.va\/archive\/hist_councils\/ii_vatican_council\/documents\/vat-ii_decree_19651028_optatam-totius_sp.html\">Optatam totius<\/a><\/em>, n. 2).<\/p>\n<p>La misi\u00f3n de los padres cristianos es extraordinariamente importante y delicada, porque est\u00e1n llamados a preparar, cultivar y defender las vocaciones que Dios suscita en su familia. Deben, pues, enriquecerse a s\u00ed mismos y enriquecer a sus familias con valores espirituales y morales, como una religiosidad convencida y profunda, una conciencia apost\u00f3lica y eclesial y un concepto exacto de la vocaci\u00f3n. (&#8230;)<\/p>\n<p>La Pastoral Vocacional encuentra su primero y natural \u00e1mbito en la familia. Los padres, en efecto, deben saber acoger como gracia el don que Dios les hace llamando a uno de los hijos al sacerdocio o a la vida religiosa. Dicha gracia debe pedirse en la oraci\u00f3n y debe aceptarse activamente mediante una educaci\u00f3n que permita descubrir a los hijos toda la riqueza y la alegr\u00eda de consagrarse a Dios (&#8230;).<\/p>\n<p>Los padres que acogen con sentimiento de gratitud y de j\u00fabilo la vocaci\u00f3n de uno de sus hijos o de una de sus hijas a la especial consagraci\u00f3n por el Reino de los cielos, reciben una se\u00f1al particular de la fecundidad espiritual de su uni\u00f3n, vi\u00e9ndola enriquecida con la experiencia del amor vivido en el celibato y en la virginidad.<\/p>\n<p style=\"text-align: right;\">San Juan Pablo II. <a href=\"http:\/\/w2.vatican.va\/content\/john-paul-ii\/es\/messages\/vocations\/documents\/hf_jp-ii_mes_26121993_world-day-for-vocations.html\"><em>Mensaje<\/em> con motivo de la Jornada Mundial de la Oraci\u00f3n por las Vocaciones (26-XII-1993)<\/a><\/p>\n<\/blockquote>\n<p>&nbsp;<\/p>\n","protected":false},"excerpt":{"rendered":"<p>Los d\u00edas 17 y 19 de marzo se celebra el d\u00eda del seminario. La familia, en la medida en que adquiere conciencia de su singular vocaci\u00f3n y corresponde a ella, &hellip; <a href=\"https:\/\/www.parroquiavirgendelcortijo.es\/?p=1683\" class=\"more-link\">Seguir leyendo <span class=\"screen-reader-text\">D\u00eda del seminario 2019<\/span> <span class=\"meta-nav\">&rarr;<\/span><\/a><\/p>\n","protected":false},"author":1,"featured_media":1684,"comment_status":"closed","ping_status":"closed","sticky":false,"template":"","format":"standard","meta":{"footnotes":""},"categories":[26],"tags":[],"class_list":["post-1683","post","type-post","status-publish","format-standard","has-post-thumbnail","hentry","category-externas"],"jetpack_featured_media_url":"https:\/\/www.parroquiavirgendelcortijo.es\/wp-content\/uploads\/2019\/03\/ext-diaSeminario2019-dest.jpg","_links":{"self":[{"href":"https:\/\/www.parroquiavirgendelcortijo.es\/index.php?rest_route=\/wp\/v2\/posts\/1683","targetHints":{"allow":["GET"]}}],"collection":[{"href":"https:\/\/www.parroquiavirgendelcortijo.es\/index.php?rest_route=\/wp\/v2\/posts"}],"about":[{"href":"https:\/\/www.parroquiavirgendelcortijo.es\/index.php?rest_route=\/wp\/v2\/types\/post"}],"author":[{"embeddable":true,"href":"https:\/\/www.parroquiavirgendelcortijo.es\/index.php?rest_route=\/wp\/v2\/users\/1"}],"replies":[{"embeddable":true,"href":"https:\/\/www.parroquiavirgendelcortijo.es\/index.php?rest_route=%2Fwp%2Fv2%2Fcomments&post=1683"}],"version-history":[{"count":1,"href":"https:\/\/www.parroquiavirgendelcortijo.es\/index.php?rest_route=\/wp\/v2\/posts\/1683\/revisions"}],"predecessor-version":[{"id":1685,"href":"https:\/\/www.parroquiavirgendelcortijo.es\/index.php?rest_route=\/wp\/v2\/posts\/1683\/revisions\/1685"}],"wp:featuredmedia":[{"embeddable":true,"href":"https:\/\/www.parroquiavirgendelcortijo.es\/index.php?rest_route=\/wp\/v2\/media\/1684"}],"wp:attachment":[{"href":"https:\/\/www.parroquiavirgendelcortijo.es\/index.php?rest_route=%2Fwp%2Fv2%2Fmedia&parent=1683"}],"wp:term":[{"taxonomy":"category","embeddable":true,"href":"https:\/\/www.parroquiavirgendelcortijo.es\/index.php?rest_route=%2Fwp%2Fv2%2Fcategories&post=1683"},{"taxonomy":"post_tag","embeddable":true,"href":"https:\/\/www.parroquiavirgendelcortijo.es\/index.php?rest_route=%2Fwp%2Fv2%2Ftags&post=1683"}],"curies":[{"name":"wp","href":"https:\/\/api.w.org\/{rel}","templated":true}]}}