{"id":1647,"date":"2019-02-13T21:01:41","date_gmt":"2019-02-13T20:01:41","guid":{"rendered":"http:\/\/www.parroquiavirgendelcortijo.es\/?p=1647"},"modified":"2019-02-13T21:01:41","modified_gmt":"2019-02-13T20:01:41","slug":"carta-a-las-familias","status":"publish","type":"post","link":"https:\/\/www.parroquiavirgendelcortijo.es\/?p=1647","title":{"rendered":"Carta a las familias"},"content":{"rendered":"<p>Queridas familias:<\/p>\n<p>El pr\u00f3ximo domingo 17 de Febrero celebraremos la Fiesta de la Parroquia\u00a0Virgen del Cortijo, donde se cumplen 28 a\u00f1os de la Consagraci\u00f3n del Templo\u00a0Parroquial.<\/p>\n<p>Queremos que todos los ni\u00f1os y j\u00f3venes de los grupos de catequesis participen de\u00a0esta celebraci\u00f3n, que comenzaremos a las 11:00h con una procesi\u00f3n de nuestra\u00a0Patrona por las calles del barrio encabezada por vuestros hijos.<\/p>\n<p>A continuaci\u00f3n tendremos la Celebraci\u00f3n Solemne de la Eucarist\u00eda y seguido,\u00a0tendr\u00e1n lugar diferentes actividades con los ni\u00f1os y padres: rifas, concursos, el ya\u00a0popular <a href=\"http:\/\/www.parroquiavirgendelcortijo.es\/?p=1629\">Masterchef<\/a>, bingo, juegos, etc. Este a\u00f1o como primicia se rifar\u00e1 un pasaje\u00a0para la <a href=\"http:\/\/www.parroquiavirgendelcortijo.es\/?p=1503\">Peregrinaci\u00f3n a F\u00e1tima<\/a> que tendr\u00e1 lugar del 15 al 17 de Marzo, organizada\u00a0por nuestra Parroquia. Y tambi\u00e9n en primicia, habr\u00e1 un sorteo de un men\u00fa de<br \/>\ndegustaci\u00f3n para un n\u00famero de comensales que tengan sus papeletas premiadas y\u00a0que ser\u00e1 preparado por nuestros j\u00f3venes de post-confirmaci\u00f3n con la ayuda\u00a0profesional de cocineras de primera.<\/p>\n<p>Compartiremos, mientras se desarrollan los concursos, un \u00e1gape en los salones\u00a0parroquiales que prepararemos entre todos.<\/p>\n<p>Por todo ello, esperamos contar con vuestra presencia en este d\u00eda que con\u00a0tanta ilusi\u00f3n venimos preparando y tambi\u00e9n con la participaci\u00f3n de vuestros hijos.<\/p>\n<p>Un cordial saludo de catequistas y Sacerdotes!!<br \/>\n\u00a1La paz del Se\u00f1or!<\/p>\n<p style=\"text-align: right;\">D. \u00d3scar Alba<br \/>\nP\u00e1rroco<\/p>\n","protected":false},"excerpt":{"rendered":"<p>Queridas familias: El pr\u00f3ximo domingo 17 de Febrero celebraremos la Fiesta de la Parroquia\u00a0Virgen del Cortijo, donde se cumplen 28 a\u00f1os de la Consagraci\u00f3n del Templo\u00a0Parroquial. Queremos que todos los &hellip; <a href=\"https:\/\/www.parroquiavirgendelcortijo.es\/?p=1647\" class=\"more-link\">Seguir leyendo <span class=\"screen-reader-text\">Carta a las familias<\/span> <span class=\"meta-nav\">&rarr;<\/span><\/a><\/p>\n","protected":false},"author":1,"featured_media":0,"comment_status":"closed","ping_status":"closed","sticky":false,"template":"","format":"standard","meta":{"footnotes":""},"categories":[8],"tags":[],"class_list":["post-1647","post","type-post","status-publish","format-standard","hentry","category-actividades"],"jetpack_featured_media_url":"","_links":{"self":[{"href":"https:\/\/www.parroquiavirgendelcortijo.es\/index.php?rest_route=\/wp\/v2\/posts\/1647","targetHints":{"allow":["GET"]}}],"collection":[{"href":"https:\/\/www.parroquiavirgendelcortijo.es\/index.php?rest_route=\/wp\/v2\/posts"}],"about":[{"href":"https:\/\/www.parroquiavirgendelcortijo.es\/index.php?rest_route=\/wp\/v2\/types\/post"}],"author":[{"embeddable":true,"href":"https:\/\/www.parroquiavirgendelcortijo.es\/index.php?rest_route=\/wp\/v2\/users\/1"}],"replies":[{"embeddable":true,"href":"https:\/\/www.parroquiavirgendelcortijo.es\/index.php?rest_route=%2Fwp%2Fv2%2Fcomments&post=1647"}],"version-history":[{"count":1,"href":"https:\/\/www.parroquiavirgendelcortijo.es\/index.php?rest_route=\/wp\/v2\/posts\/1647\/revisions"}],"predecessor-version":[{"id":1648,"href":"https:\/\/www.parroquiavirgendelcortijo.es\/index.php?rest_route=\/wp\/v2\/posts\/1647\/revisions\/1648"}],"wp:attachment":[{"href":"https:\/\/www.parroquiavirgendelcortijo.es\/index.php?rest_route=%2Fwp%2Fv2%2Fmedia&parent=1647"}],"wp:term":[{"taxonomy":"category","embeddable":true,"href":"https:\/\/www.parroquiavirgendelcortijo.es\/index.php?rest_route=%2Fwp%2Fv2%2Fcategories&post=1647"},{"taxonomy":"post_tag","embeddable":true,"href":"https:\/\/www.parroquiavirgendelcortijo.es\/index.php?rest_route=%2Fwp%2Fv2%2Ftags&post=1647"}],"curies":[{"name":"wp","href":"https:\/\/api.w.org\/{rel}","templated":true}]}}