{"id":1578,"date":"2018-12-29T11:25:36","date_gmt":"2018-12-29T10:25:36","guid":{"rendered":"http:\/\/www.parroquiavirgendelcortijo.es\/?p=1578"},"modified":"2018-12-29T11:25:36","modified_gmt":"2018-12-29T10:25:36","slug":"epifania-del-senor-2019","status":"publish","type":"post","link":"https:\/\/www.parroquiavirgendelcortijo.es\/?p=1578","title":{"rendered":"Epifan\u00eda del Se\u00f1or, 2019"},"content":{"rendered":"<p>El pr\u00f3ximo s\u00e1bado, 5 de enero, los Reyes Magos de Oriente visitar\u00e1n el\u00a0Hospital Universitario HM Sanchinarro a las 10:30.<\/p>\n<p>Sus majestades tambi\u00e9n visitar\u00e1n nuestra parroquia a las 18:00.<\/p>\n","protected":false},"excerpt":{"rendered":"<p>El pr\u00f3ximo s\u00e1bado, 5 de enero, los Reyes Magos de Oriente visitar\u00e1n el\u00a0Hospital Universitario HM Sanchinarro a las 10:30. Sus majestades tambi\u00e9n visitar\u00e1n nuestra parroquia a las 18:00.<\/p>\n","protected":false},"author":1,"featured_media":788,"comment_status":"closed","ping_status":"closed","sticky":false,"template":"","format":"standard","meta":{"footnotes":""},"categories":[8],"tags":[],"class_list":["post-1578","post","type-post","status-publish","format-standard","has-post-thumbnail","hentry","category-actividades"],"jetpack_featured_media_url":"https:\/\/www.parroquiavirgendelcortijo.es\/wp-content\/uploads\/2016\/12\/act-reyes2017-dest.jpg","_links":{"self":[{"href":"https:\/\/www.parroquiavirgendelcortijo.es\/index.php?rest_route=\/wp\/v2\/posts\/1578","targetHints":{"allow":["GET"]}}],"collection":[{"href":"https:\/\/www.parroquiavirgendelcortijo.es\/index.php?rest_route=\/wp\/v2\/posts"}],"about":[{"href":"https:\/\/www.parroquiavirgendelcortijo.es\/index.php?rest_route=\/wp\/v2\/types\/post"}],"author":[{"embeddable":true,"href":"https:\/\/www.parroquiavirgendelcortijo.es\/index.php?rest_route=\/wp\/v2\/users\/1"}],"replies":[{"embeddable":true,"href":"https:\/\/www.parroquiavirgendelcortijo.es\/index.php?rest_route=%2Fwp%2Fv2%2Fcomments&post=1578"}],"version-history":[{"count":2,"href":"https:\/\/www.parroquiavirgendelcortijo.es\/index.php?rest_route=\/wp\/v2\/posts\/1578\/revisions"}],"predecessor-version":[{"id":1580,"href":"https:\/\/www.parroquiavirgendelcortijo.es\/index.php?rest_route=\/wp\/v2\/posts\/1578\/revisions\/1580"}],"wp:featuredmedia":[{"embeddable":true,"href":"https:\/\/www.parroquiavirgendelcortijo.es\/index.php?rest_route=\/wp\/v2\/media\/788"}],"wp:attachment":[{"href":"https:\/\/www.parroquiavirgendelcortijo.es\/index.php?rest_route=%2Fwp%2Fv2%2Fmedia&parent=1578"}],"wp:term":[{"taxonomy":"category","embeddable":true,"href":"https:\/\/www.parroquiavirgendelcortijo.es\/index.php?rest_route=%2Fwp%2Fv2%2Fcategories&post=1578"},{"taxonomy":"post_tag","embeddable":true,"href":"https:\/\/www.parroquiavirgendelcortijo.es\/index.php?rest_route=%2Fwp%2Fv2%2Ftags&post=1578"}],"curies":[{"name":"wp","href":"https:\/\/api.w.org\/{rel}","templated":true}]}}