{"id":1496,"date":"2018-11-19T21:16:12","date_gmt":"2018-11-19T20:16:12","guid":{"rendered":"http:\/\/www.parroquiavirgendelcortijo.es\/?p=1496"},"modified":"2021-10-09T09:06:08","modified_gmt":"2021-10-09T07:06:08","slug":"conferencia-familias-no-perfectas-que-viven-en-el-amor","status":"publish","type":"post","link":"https:\/\/www.parroquiavirgendelcortijo.es\/?p=1496","title":{"rendered":"Conferencia: Familias no perfectas que viven en el amor"},"content":{"rendered":"<p>El pr\u00f3ximo lunes, 3 de diciembre, a las 20:00, tendremos una nueva conferencia enmarcada en el III Ciclo de la Familia organizado por la parroquia.<\/p>\n<p>Cada vez sabemos m\u00e1s sobre la importancia de la maternidad y paternidad en el desarrollo de los hijos. Sin embargo, en la complejidad social actual no resulta f\u00e1cil ser madre o padre, lo que con frecuencia lleva a una cierta desesperanza o incluso a sentir cierta incapacidad para educar a los hijos.<\/p>\n<p>En esta charla, <em>Familias no perfectas que viven en el amor. Conocerse, aceptarse, crecer<\/em>, Virginia Cagigal desgranar\u00e1 algunos aspectos concretos que pueden ser de ayuda para fortalecerse como padres y ganar confianza en la preciosa tarea de educar a los hijos y construir familia.<\/p>\n<p>Virginia es\u00a0doctora en Psicolog\u00eda y especialista en Psicolog\u00eda cl\u00ednica y coordinadora del \u00c1rea de Atenci\u00f3n a las Familias y del \u00c1rea de Atenci\u00f3n Psicopedag\u00f3gica en la\u00a0<a href=\"https:\/\/www.comillas.edu\/es\/\" target=\"_blank\" rel=\"noopener\">Universidad Pontificia de Comillas<\/a>.<\/p>\n","protected":false},"excerpt":{"rendered":"<p>El pr\u00f3ximo lunes, 3 de diciembre, a las 20:00, tendremos una nueva conferencia enmarcada en el III Ciclo de la Familia organizado por la parroquia. Cada vez sabemos m\u00e1s sobre &hellip; <a href=\"https:\/\/www.parroquiavirgendelcortijo.es\/?p=1496\" class=\"more-link\">Seguir leyendo <span class=\"screen-reader-text\">Conferencia: Familias no perfectas que viven en el amor<\/span> <span class=\"meta-nav\">&rarr;<\/span><\/a><\/p>\n","protected":false},"author":1,"featured_media":1497,"comment_status":"closed","ping_status":"closed","sticky":false,"template":"","format":"standard","meta":{"footnotes":""},"categories":[8,9,35],"tags":[],"class_list":["post-1496","post","type-post","status-publish","format-standard","has-post-thumbnail","hentry","category-actividades","category-pastoral","category-p-familia"],"jetpack_featured_media_url":"https:\/\/www.parroquiavirgendelcortijo.es\/wp-content\/uploads\/2018\/11\/act-charlaFamiliasNoPerfectas-dest.jpg","_links":{"self":[{"href":"https:\/\/www.parroquiavirgendelcortijo.es\/index.php?rest_route=\/wp\/v2\/posts\/1496","targetHints":{"allow":["GET"]}}],"collection":[{"href":"https:\/\/www.parroquiavirgendelcortijo.es\/index.php?rest_route=\/wp\/v2\/posts"}],"about":[{"href":"https:\/\/www.parroquiavirgendelcortijo.es\/index.php?rest_route=\/wp\/v2\/types\/post"}],"author":[{"embeddable":true,"href":"https:\/\/www.parroquiavirgendelcortijo.es\/index.php?rest_route=\/wp\/v2\/users\/1"}],"replies":[{"embeddable":true,"href":"https:\/\/www.parroquiavirgendelcortijo.es\/index.php?rest_route=%2Fwp%2Fv2%2Fcomments&post=1496"}],"version-history":[{"count":2,"href":"https:\/\/www.parroquiavirgendelcortijo.es\/index.php?rest_route=\/wp\/v2\/posts\/1496\/revisions"}],"predecessor-version":[{"id":1499,"href":"https:\/\/www.parroquiavirgendelcortijo.es\/index.php?rest_route=\/wp\/v2\/posts\/1496\/revisions\/1499"}],"wp:featuredmedia":[{"embeddable":true,"href":"https:\/\/www.parroquiavirgendelcortijo.es\/index.php?rest_route=\/wp\/v2\/media\/1497"}],"wp:attachment":[{"href":"https:\/\/www.parroquiavirgendelcortijo.es\/index.php?rest_route=%2Fwp%2Fv2%2Fmedia&parent=1496"}],"wp:term":[{"taxonomy":"category","embeddable":true,"href":"https:\/\/www.parroquiavirgendelcortijo.es\/index.php?rest_route=%2Fwp%2Fv2%2Fcategories&post=1496"},{"taxonomy":"post_tag","embeddable":true,"href":"https:\/\/www.parroquiavirgendelcortijo.es\/index.php?rest_route=%2Fwp%2Fv2%2Ftags&post=1496"}],"curies":[{"name":"wp","href":"https:\/\/api.w.org\/{rel}","templated":true}]}}