{"id":1487,"date":"2018-11-12T22:57:50","date_gmt":"2018-11-12T21:57:50","guid":{"rendered":"http:\/\/www.parroquiavirgendelcortijo.es\/?p=1487"},"modified":"2021-10-09T08:53:21","modified_gmt":"2021-10-09T06:53:21","slug":"festival-de-navidad-2018","status":"publish","type":"post","link":"https:\/\/www.parroquiavirgendelcortijo.es\/?p=1487","title":{"rendered":"Festival de Navidad 2018"},"content":{"rendered":"<p>Ya se acerca diciembre y, como todos los a\u00f1os, la parroquia organiza un festival de Navidad, que es un Bel\u00e9n viviente realizado por todos nuestros ni\u00f1os de catequesis.\u00a0Es una experiencia bell\u00edsima tanto para ellos como para sus familias y nos hace mucha ilusi\u00f3n que todos participen.<\/p>\n<p>Las fechas de los ensayos para el festival son:<\/p>\n<ul>\n<li>s\u00e1bado, 17 de noviembre, de 11:00 a 13:00<\/li>\n<li>domingo, 25 de noviembre, de 17:00 a 19:00<\/li>\n<li>s\u00e1bado, 1 de diciembre, de 11:00 a 13:00 y<\/li>\n<li>s\u00e1bado, 15 de diciembre, el ensayo general, de 11:00 a\u00a013:00<\/li>\n<\/ul>\n<p>El festival de Navidad ser\u00e1 el martes, 18 de diciembre.\u00a0Comenzaremos con la Eucarist\u00eda a las 18:30 y, a continuaci\u00f3n, comenzar\u00e1 el festival. Tambi\u00e9n entregaremos los premios del concurso de felicitaciones navide\u00f1as <em>Dibuja y escribe la Navidad<\/em>.<\/p>\n<p>Invitamos a todos los padres a traer a sus hijos. \u00a1Lo pasar\u00e1n genial!<\/p>\n","protected":false},"excerpt":{"rendered":"<p>Ya se acerca diciembre y, como todos los a\u00f1os, la parroquia organiza un festival de Navidad, que es un Bel\u00e9n viviente realizado por todos nuestros ni\u00f1os de catequesis.\u00a0Es una experiencia &hellip; <a href=\"https:\/\/www.parroquiavirgendelcortijo.es\/?p=1487\" class=\"more-link\">Seguir leyendo <span class=\"screen-reader-text\">Festival de Navidad 2018<\/span> <span class=\"meta-nav\">&rarr;<\/span><\/a><\/p>\n","protected":false},"author":1,"featured_media":1490,"comment_status":"closed","ping_status":"closed","sticky":false,"template":"","format":"standard","meta":{"footnotes":""},"categories":[6,34],"tags":[],"class_list":["post-1487","post","type-post","status-publish","format-standard","has-post-thumbnail","hentry","category-catequesis","category-c-oratorio"],"jetpack_featured_media_url":"https:\/\/www.parroquiavirgendelcortijo.es\/wp-content\/uploads\/2018\/11\/act-festivalNavidad2018-dest.jpg","_links":{"self":[{"href":"https:\/\/www.parroquiavirgendelcortijo.es\/index.php?rest_route=\/wp\/v2\/posts\/1487","targetHints":{"allow":["GET"]}}],"collection":[{"href":"https:\/\/www.parroquiavirgendelcortijo.es\/index.php?rest_route=\/wp\/v2\/posts"}],"about":[{"href":"https:\/\/www.parroquiavirgendelcortijo.es\/index.php?rest_route=\/wp\/v2\/types\/post"}],"author":[{"embeddable":true,"href":"https:\/\/www.parroquiavirgendelcortijo.es\/index.php?rest_route=\/wp\/v2\/users\/1"}],"replies":[{"embeddable":true,"href":"https:\/\/www.parroquiavirgendelcortijo.es\/index.php?rest_route=%2Fwp%2Fv2%2Fcomments&post=1487"}],"version-history":[{"count":5,"href":"https:\/\/www.parroquiavirgendelcortijo.es\/index.php?rest_route=\/wp\/v2\/posts\/1487\/revisions"}],"predecessor-version":[{"id":1494,"href":"https:\/\/www.parroquiavirgendelcortijo.es\/index.php?rest_route=\/wp\/v2\/posts\/1487\/revisions\/1494"}],"wp:featuredmedia":[{"embeddable":true,"href":"https:\/\/www.parroquiavirgendelcortijo.es\/index.php?rest_route=\/wp\/v2\/media\/1490"}],"wp:attachment":[{"href":"https:\/\/www.parroquiavirgendelcortijo.es\/index.php?rest_route=%2Fwp%2Fv2%2Fmedia&parent=1487"}],"wp:term":[{"taxonomy":"category","embeddable":true,"href":"https:\/\/www.parroquiavirgendelcortijo.es\/index.php?rest_route=%2Fwp%2Fv2%2Fcategories&post=1487"},{"taxonomy":"post_tag","embeddable":true,"href":"https:\/\/www.parroquiavirgendelcortijo.es\/index.php?rest_route=%2Fwp%2Fv2%2Ftags&post=1487"}],"curies":[{"name":"wp","href":"https:\/\/api.w.org\/{rel}","templated":true}]}}