{"id":1480,"date":"2018-11-10T11:54:49","date_gmt":"2018-11-10T10:54:49","guid":{"rendered":"http:\/\/www.parroquiavirgendelcortijo.es\/?p=1480"},"modified":"2021-10-09T08:53:21","modified_gmt":"2021-10-09T06:53:21","slug":"peregrinacion-al-santuario-de-begona","status":"publish","type":"post","link":"https:\/\/www.parroquiavirgendelcortijo.es\/?p=1480","title":{"rendered":"Peregrinaci\u00f3n al santuario de Bego\u00f1a"},"content":{"rendered":"<p>La parroquia organiza la 1\u00aa peregrinaci\u00f3n mariana infantil para el d\u00eda 24 de noviembre. Iremos al <a href=\"https:\/\/todosobremadrid.com\/que-hacer\/gruta-de-nuestra-senora-de-begona\/\" target=\"_blank\" rel=\"noopener\">santuario de Nuestra Se\u00f1ora de Bego\u00f1a<\/a>, en Miraflores de la Sierra.<\/p>\n<h1>Plan<\/h1>\n<ul>\n<li><strong>10:00<\/strong> &#8211; Salida en autob\u00fas, desde la parroquia Virgen del Cortijo.<\/li>\n<li><strong>11:00<\/strong> &#8211; Llegada al santuario, donde rezaremos laudes.<\/li>\n<li><strong>12:00<\/strong> &#8211; Desplazamiento al \u00e1rea recreativa de la Fuente del Cura, donde almorzaremos y daremos un paseo por el bosque, disfrutando de la Creaci\u00f3n y de los amigos.<\/li>\n<li><strong>14:00<\/strong> &#8211; Comida en el \u00e1rea recreativa. Continuaremos jugando un rato despu\u00e9s de comer.<\/li>\n<li><strong>16:30<\/strong> &#8211; Celebraci\u00f3n de la Eucarist\u00eda en el santuario, para dar las gracias a Dios por este d\u00eda.<\/li>\n<li><strong>18:00<\/strong> &#8211; Regreso a Madrid.<\/li>\n<li><strong>19:00<\/strong> &#8211; Recogida en la parroquia Virgen del Cortijo.<\/li>\n<\/ul>\n<h1>\u00bfQu\u00e9 tengo que llevar?<\/h1>\n<ul>\n<li>Ropa de abrigo en varias capas. Abrigo o chaleco, gorro, guantes y bufanda.<\/li>\n<li>Calzado para el campo, preferiblemente impermeable.<\/li>\n<li>Mochila con agua y la comida (bocadillo y fruta). Todos igual, para no suscitar comparaciones.<\/li>\n<li>Autorizaci\u00f3n firmada por los padres.<\/li>\n<li>Copia de la tarjeta de la Seguridad Social.<\/li>\n<li>Lista de las alergias alimentarias, si las hubiera.<\/li>\n<\/ul>\n<p>El almuerzo de media ma\u00f1ana y la merienda los llevaremos los organizadores y monitores.<\/p>\n<p>El precio de la excursi\u00f3n es 10\u20ac por cabeza. Las plazas est\u00e1n limitadas as\u00ed que llamad enseguida al <strong>652 95 38 04<\/strong> para apuntaros.<\/p>\n","protected":false},"excerpt":{"rendered":"<p>La parroquia organiza la 1\u00aa peregrinaci\u00f3n mariana infantil para el d\u00eda 24 de noviembre. Iremos al santuario de Nuestra Se\u00f1ora de Bego\u00f1a, en Miraflores de la Sierra. Plan 10:00 &#8211; &hellip; <a href=\"https:\/\/www.parroquiavirgendelcortijo.es\/?p=1480\" class=\"more-link\">Seguir leyendo <span class=\"screen-reader-text\">Peregrinaci\u00f3n al santuario de Bego\u00f1a<\/span> <span class=\"meta-nav\">&rarr;<\/span><\/a><\/p>\n","protected":false},"author":1,"featured_media":1482,"comment_status":"closed","ping_status":"closed","sticky":false,"template":"","format":"standard","meta":{"footnotes":""},"categories":[6,34],"tags":[],"class_list":["post-1480","post","type-post","status-publish","format-standard","has-post-thumbnail","hentry","category-catequesis","category-c-oratorio"],"jetpack_featured_media_url":"https:\/\/www.parroquiavirgendelcortijo.es\/wp-content\/uploads\/2018\/11\/act-peregrinacionGrutaBegona-dest.jpg","_links":{"self":[{"href":"https:\/\/www.parroquiavirgendelcortijo.es\/index.php?rest_route=\/wp\/v2\/posts\/1480","targetHints":{"allow":["GET"]}}],"collection":[{"href":"https:\/\/www.parroquiavirgendelcortijo.es\/index.php?rest_route=\/wp\/v2\/posts"}],"about":[{"href":"https:\/\/www.parroquiavirgendelcortijo.es\/index.php?rest_route=\/wp\/v2\/types\/post"}],"author":[{"embeddable":true,"href":"https:\/\/www.parroquiavirgendelcortijo.es\/index.php?rest_route=\/wp\/v2\/users\/1"}],"replies":[{"embeddable":true,"href":"https:\/\/www.parroquiavirgendelcortijo.es\/index.php?rest_route=%2Fwp%2Fv2%2Fcomments&post=1480"}],"version-history":[{"count":2,"href":"https:\/\/www.parroquiavirgendelcortijo.es\/index.php?rest_route=\/wp\/v2\/posts\/1480\/revisions"}],"predecessor-version":[{"id":1492,"href":"https:\/\/www.parroquiavirgendelcortijo.es\/index.php?rest_route=\/wp\/v2\/posts\/1480\/revisions\/1492"}],"wp:featuredmedia":[{"embeddable":true,"href":"https:\/\/www.parroquiavirgendelcortijo.es\/index.php?rest_route=\/wp\/v2\/media\/1482"}],"wp:attachment":[{"href":"https:\/\/www.parroquiavirgendelcortijo.es\/index.php?rest_route=%2Fwp%2Fv2%2Fmedia&parent=1480"}],"wp:term":[{"taxonomy":"category","embeddable":true,"href":"https:\/\/www.parroquiavirgendelcortijo.es\/index.php?rest_route=%2Fwp%2Fv2%2Fcategories&post=1480"},{"taxonomy":"post_tag","embeddable":true,"href":"https:\/\/www.parroquiavirgendelcortijo.es\/index.php?rest_route=%2Fwp%2Fv2%2Ftags&post=1480"}],"curies":[{"name":"wp","href":"https:\/\/api.w.org\/{rel}","templated":true}]}}