{"id":1417,"date":"2018-10-03T23:01:25","date_gmt":"2018-10-03T21:01:25","guid":{"rendered":"http:\/\/www.parroquiavirgendelcortijo.es\/?p=1417"},"modified":"2022-02-26T07:41:14","modified_gmt":"2022-02-26T06:41:14","slug":"inicio-de-curso-de-catequesis-de-confirmacion","status":"publish","type":"post","link":"https:\/\/www.parroquiavirgendelcortijo.es\/?p=1417","title":{"rendered":"Inicio de curso de catequesis de Confirmaci\u00f3n"},"content":{"rendered":"<p>Como <a href=\"http:\/\/www.parroquiavirgendelcortijo.es\/?p=1411\">ya contamos<\/a>, la catequesis de Confirmaci\u00f3n ser\u00e1 los viernes de 17:30 a 18:30 para los tres cursos.<\/p>\n<p>Al ser fiesta el viernes, d\u00eda 12, no habr\u00e1 catequesis de Confirmaci\u00f3n, as\u00ed que <strong>empezaremos con nuestras reuniones el viernes, 19 de octubre<\/strong>, y siguiendo un formato nuevo y m\u00e1s din\u00e1mico.<\/p>\n<p>&nbsp;<\/p>\n<p><span style=\"color: #808080;\">Imagen de <a href=\"https:\/\/www.flickr.com\/photos\/paullew\/1931296827\/in\/photolist-3WEpga-PuDiJh-M4xqWk-MKM2aK-a74rAU-84gJpQ-i6XsiG-9nfJh1-ipogZH-axMdmH-8vFaHK-qJ42e-auCq7c-i6XtXd-7SQAqp-8vF9Hc-e2xuDJ-oR7ab1-7bY5pj-9tEoJB-4XJmuy-28wnoKt-VnEivb-dNsDCo-284FPiG-84gFTY-2aTTbwu-d9VQBo-qb9fY6-a7yVa1-cqGLFj-oR6KkN-7ThFHJ-cvex6N-27rU4HM-UqCZfw-YPpqBp-fLX2LH-Ywvgp7-neg1Pt-YPptj8-XzqpgM-Xzqq7z-fLWWXZ-5smwkv-29oMAdp-sq8LAW-4DY1Re-2a6rKWW-r2wBdi\" target=\"_blank\" rel=\"noopener\">Lawrence OP<\/a> en <a href=\"https:\/\/www.flickr.com\" target=\"_blank\" rel=\"noopener\">Flickr<\/a>. Encuadre.\u00a0Licencia:\u00a0<a href=\"https:\/\/creativecommons.org\/licenses\/by-nc\/2.0\/deed.es\" target=\"_blank\" rel=\"noopener\">CC BY-NC 2.0<\/a>.<\/span><\/p>\n","protected":false},"excerpt":{"rendered":"<p>Como ya contamos, la catequesis de Confirmaci\u00f3n ser\u00e1 los viernes de 17:30 a 18:30 para los tres cursos. Al ser fiesta el viernes, d\u00eda 12, no habr\u00e1 catequesis de Confirmaci\u00f3n, &hellip; <a href=\"https:\/\/www.parroquiavirgendelcortijo.es\/?p=1417\" class=\"more-link\">Seguir leyendo <span class=\"screen-reader-text\">Inicio de curso de catequesis de Confirmaci\u00f3n<\/span> <span class=\"meta-nav\">&rarr;<\/span><\/a><\/p>\n","protected":false},"author":1,"featured_media":1418,"comment_status":"closed","ping_status":"closed","sticky":false,"template":"","format":"standard","meta":{"footnotes":""},"categories":[22,6,34],"tags":[],"class_list":["post-1417","post","type-post","status-publish","format-standard","has-post-thumbnail","hentry","category-avisos","category-catequesis","category-c-oratorio"],"jetpack_featured_media_url":"https:\/\/www.parroquiavirgendelcortijo.es\/wp-content\/uploads\/2018\/10\/cat-inicioCursoConfirmacion2018-dest.jpg","_links":{"self":[{"href":"https:\/\/www.parroquiavirgendelcortijo.es\/index.php?rest_route=\/wp\/v2\/posts\/1417","targetHints":{"allow":["GET"]}}],"collection":[{"href":"https:\/\/www.parroquiavirgendelcortijo.es\/index.php?rest_route=\/wp\/v2\/posts"}],"about":[{"href":"https:\/\/www.parroquiavirgendelcortijo.es\/index.php?rest_route=\/wp\/v2\/types\/post"}],"author":[{"embeddable":true,"href":"https:\/\/www.parroquiavirgendelcortijo.es\/index.php?rest_route=\/wp\/v2\/users\/1"}],"replies":[{"embeddable":true,"href":"https:\/\/www.parroquiavirgendelcortijo.es\/index.php?rest_route=%2Fwp%2Fv2%2Fcomments&post=1417"}],"version-history":[{"count":6,"href":"https:\/\/www.parroquiavirgendelcortijo.es\/index.php?rest_route=\/wp\/v2\/posts\/1417\/revisions"}],"predecessor-version":[{"id":2896,"href":"https:\/\/www.parroquiavirgendelcortijo.es\/index.php?rest_route=\/wp\/v2\/posts\/1417\/revisions\/2896"}],"wp:featuredmedia":[{"embeddable":true,"href":"https:\/\/www.parroquiavirgendelcortijo.es\/index.php?rest_route=\/wp\/v2\/media\/1418"}],"wp:attachment":[{"href":"https:\/\/www.parroquiavirgendelcortijo.es\/index.php?rest_route=%2Fwp%2Fv2%2Fmedia&parent=1417"}],"wp:term":[{"taxonomy":"category","embeddable":true,"href":"https:\/\/www.parroquiavirgendelcortijo.es\/index.php?rest_route=%2Fwp%2Fv2%2Fcategories&post=1417"},{"taxonomy":"post_tag","embeddable":true,"href":"https:\/\/www.parroquiavirgendelcortijo.es\/index.php?rest_route=%2Fwp%2Fv2%2Ftags&post=1417"}],"curies":[{"name":"wp","href":"https:\/\/api.w.org\/{rel}","templated":true}]}}