{"id":1401,"date":"2018-09-23T11:05:04","date_gmt":"2018-09-23T09:05:04","guid":{"rendered":"http:\/\/www.parroquiavirgendelcortijo.es\/?p=1401"},"modified":"2021-10-09T09:06:07","modified_gmt":"2021-10-09T07:06:07","slug":"iii-ciclo-de-conferencias-de-la-familia","status":"publish","type":"post","link":"https:\/\/www.parroquiavirgendelcortijo.es\/?p=1401","title":{"rendered":"III Ciclo de conferencias sobre la familia"},"content":{"rendered":"<p>Nuestro ciclo de conferencias de la familia cumple su tercera edici\u00f3n, con m\u00e1s conferencias \u20139 en vez de las 6 del curso pasado\u2013 y, como siempre, abordando temas de inter\u00e9s y con ponentes de excepci\u00f3n.<\/p>\n<p><strong>Todas las conferencias tendr\u00e1n lugar a las 20:00<\/strong>, en la parroquia.<\/p>\n<p>El calendario de esta III edici\u00f3n es:<\/p>\n<ul>\n<li><strong>lunes, 8 de octubre<\/strong>: <em>La revoluci\u00f3n del padre. La modernidad de una sociedad familiar. An\u00e1lisis de la sociedad de hoy<\/em>. Ponente: Fernando Vidal, soci\u00f3logo y director del <a href=\"https:\/\/www.comillas.edu\/es\/presentacion-familia\" target=\"_blank\" rel=\"noopener\">Instituto Universitario de la Familia<\/a> de la <a href=\"https:\/\/www.comillas.edu\/es\/\" target=\"_blank\" rel=\"noopener\">Universidad Pontificia de Comillas<\/a>.<\/li>\n<li><strong>lunes, 5 de noviembre<\/strong>: <em>El arte de comunicarse con los hijos. Crear espacios para comunicarse de coraz\u00f3n a coraz\u00f3n<\/em>. Ponente: Jer\u00f3nimo Fumanal, subdirector de ESO y Bachillerato\u00a0del\u00a0<a href=\"https:\/\/www.fomento.edu\/elprado\/\" target=\"_blank\" rel=\"noopener\">colegio El Prado<\/a>.<\/li>\n<li><strong>lunes, 3 de diciembre<\/strong>: <em>Familias no perfectas que viven en el amor. Conocerse, aceptarse, crecer<\/em>. Ponente: Virginia Cagigal, doctora en Psicolog\u00eda y especialista en Psicolog\u00eda cl\u00ednica; coordinadora del \u00c1rea de Atenci\u00f3n a las Familias y del \u00c1rea de Atenci\u00f3n Psicopedag\u00f3gica en la\u00a0<a href=\"https:\/\/www.comillas.edu\/es\/\" target=\"_blank\" rel=\"noopener\">Universidad Pontificia de Comillas<\/a>.<\/li>\n<\/ul>\n<p>y, ya en 2019:<\/p>\n<ul>\n<li><strong>lunes, 21 de enero<\/strong>: <em>J\u00f3venes desencantados que viven en la mediocridad. Dependencias y esclavitudes (drogas, alcohol, sexualidad, Internet)<\/em>. Ponente: Ruth de Jes\u00fas, profesora de la <a href=\"https:\/\/www.ufv.es\/\" target=\"_blank\" rel=\"noopener\">Universidad Francisco de Victoria<\/a>.<\/li>\n<li><strong>lunes, 11 de febrero<\/strong>: <em>Libertad y familia. S\u00f3lo una libertad compartida es una libertad humana<\/em>. Ponente: Filipa Cunha,\u00a0presidenta del <a href=\"http:\/\/www.twowingsinstitute.org\/\" target=\"_blank\" rel=\"noopener\">TwoWings Institute<\/a>.<\/li>\n<li><strong>lunes, 11 de marzo<\/strong>: <em>Hablemos de sexo y amor con nuestros hijos. Acompa\u00f1ar a nuestros hijos en el descubrimiento de su valor<\/em>. Ponente: Nieves Gonz\u00e1lez Rico, m\u00e9dico, sex\u00f3loga, directora acad\u00e9mica del Proyecto Aprendamos a Amar y fundadora del <a href=\"https:\/\/es-es.facebook.com\/desarrolloypersona\/\" target=\"_blank\" rel=\"noopener\">Instituto Desarrollo y Persona<\/a>.<\/li>\n<li><strong>lunes, 29 de abril<\/strong>: <em>Dios permite acontecimientos para que levantemos los ojos al cielo<\/em>. Ponente: Carlota Ruiz de Dulanto.<\/li>\n<li><strong>lunes, 20 de mayo<\/strong>: <em>La belleza de la familia. Retos de la juventud hoy. Razones y motivaciones para optar por el matrimonio y la familia<\/em>. Ponentes: Juan Pardo de Santayana, director de <a href=\"https:\/\/giftandtask.com\/\" target=\"_blank\" rel=\"noopener\">Gift &amp; Task<\/a>, y Cristina del R\u00edo.<\/li>\n<li><strong>lunes, 10 de junio<\/strong>: Cierre del ciclo, con proyecci\u00f3n de cortometraje y \u00e1gape. Ponente: Teresa Ekobo,\u00a0periodista, directora del programa <em><a href=\"http:\/\/www.8madrid.tv\/index.php\/programas\/programa-espectacular.html\" target=\"_blank\" rel=\"noopener noreferrer\">Espectacular<\/a><\/em> de 8Madrid TV y de la Muestra Internacional de Cine que Inspira, <a href=\"http:\/\/madrimana.com\/\" target=\"_blank\" rel=\"noopener noreferrer\">Madriman\u00e1<\/a>.<\/li>\n<\/ul>\n<p>&nbsp;<\/p>\n<p><a href=\"http:\/\/www.parroquiavirgendelcortijo.es\/wp-content\/uploads\/2018\/09\/gral-programaIiiCicloConferenciasFamilia.jpg\"><img loading=\"lazy\" decoding=\"async\" class=\"aligncenter size-full wp-image-1403\" src=\"http:\/\/www.parroquiavirgendelcortijo.es\/wp-content\/uploads\/2018\/09\/gral-programaIiiCicloConferenciasFamilia.jpg\" alt=\"\" width=\"1000\" height=\"750\" srcset=\"https:\/\/www.parroquiavirgendelcortijo.es\/wp-content\/uploads\/2018\/09\/gral-programaIiiCicloConferenciasFamilia.jpg 1000w, https:\/\/www.parroquiavirgendelcortijo.es\/wp-content\/uploads\/2018\/09\/gral-programaIiiCicloConferenciasFamilia-300x225.jpg 300w, https:\/\/www.parroquiavirgendelcortijo.es\/wp-content\/uploads\/2018\/09\/gral-programaIiiCicloConferenciasFamilia-768x576.jpg 768w\" sizes=\"auto, (max-width: 1000px) 100vw, 1000px\" \/><\/a><\/p>\n<p>\u00a1Os esperamos!<\/p>\n","protected":false},"excerpt":{"rendered":"<p>Nuestro ciclo de conferencias de la familia cumple su tercera edici\u00f3n, con m\u00e1s conferencias \u20139 en vez de las 6 del curso pasado\u2013 y, como siempre, abordando temas de inter\u00e9s &hellip; <a href=\"https:\/\/www.parroquiavirgendelcortijo.es\/?p=1401\" class=\"more-link\">Seguir leyendo <span class=\"screen-reader-text\">III Ciclo de conferencias sobre la familia<\/span> <span class=\"meta-nav\">&rarr;<\/span><\/a><\/p>\n","protected":false},"author":1,"featured_media":1402,"comment_status":"closed","ping_status":"closed","sticky":false,"template":"","format":"standard","meta":{"footnotes":""},"categories":[8,9,35],"tags":[],"class_list":["post-1401","post","type-post","status-publish","format-standard","has-post-thumbnail","hentry","category-actividades","category-pastoral","category-p-familia"],"jetpack_featured_media_url":"https:\/\/www.parroquiavirgendelcortijo.es\/wp-content\/uploads\/2018\/09\/act-iiiCicloConferenciasFamilia.jpg","_links":{"self":[{"href":"https:\/\/www.parroquiavirgendelcortijo.es\/index.php?rest_route=\/wp\/v2\/posts\/1401","targetHints":{"allow":["GET"]}}],"collection":[{"href":"https:\/\/www.parroquiavirgendelcortijo.es\/index.php?rest_route=\/wp\/v2\/posts"}],"about":[{"href":"https:\/\/www.parroquiavirgendelcortijo.es\/index.php?rest_route=\/wp\/v2\/types\/post"}],"author":[{"embeddable":true,"href":"https:\/\/www.parroquiavirgendelcortijo.es\/index.php?rest_route=\/wp\/v2\/users\/1"}],"replies":[{"embeddable":true,"href":"https:\/\/www.parroquiavirgendelcortijo.es\/index.php?rest_route=%2Fwp%2Fv2%2Fcomments&post=1401"}],"version-history":[{"count":2,"href":"https:\/\/www.parroquiavirgendelcortijo.es\/index.php?rest_route=\/wp\/v2\/posts\/1401\/revisions"}],"predecessor-version":[{"id":1406,"href":"https:\/\/www.parroquiavirgendelcortijo.es\/index.php?rest_route=\/wp\/v2\/posts\/1401\/revisions\/1406"}],"wp:featuredmedia":[{"embeddable":true,"href":"https:\/\/www.parroquiavirgendelcortijo.es\/index.php?rest_route=\/wp\/v2\/media\/1402"}],"wp:attachment":[{"href":"https:\/\/www.parroquiavirgendelcortijo.es\/index.php?rest_route=%2Fwp%2Fv2%2Fmedia&parent=1401"}],"wp:term":[{"taxonomy":"category","embeddable":true,"href":"https:\/\/www.parroquiavirgendelcortijo.es\/index.php?rest_route=%2Fwp%2Fv2%2Fcategories&post=1401"},{"taxonomy":"post_tag","embeddable":true,"href":"https:\/\/www.parroquiavirgendelcortijo.es\/index.php?rest_route=%2Fwp%2Fv2%2Ftags&post=1401"}],"curies":[{"name":"wp","href":"https:\/\/api.w.org\/{rel}","templated":true}]}}