{"id":1385,"date":"2018-09-15T07:28:45","date_gmt":"2018-09-15T05:28:45","guid":{"rendered":"http:\/\/www.parroquiavirgendelcortijo.es\/?p=1385"},"modified":"2021-10-09T09:06:08","modified_gmt":"2021-10-09T07:06:08","slug":"conferencia-la-revolucion-del-padre","status":"publish","type":"post","link":"https:\/\/www.parroquiavirgendelcortijo.es\/?p=1385","title":{"rendered":"Conferencia: La revoluci\u00f3n del padre"},"content":{"rendered":"<p>Comenzamos nuestro ciclo de conferencias sobre la familia, ya en su tercera edici\u00f3n, con una charla de Fernando Vidal, soci\u00f3logo y director del <a href=\"https:\/\/www.comillas.edu\/es\/presentacion-familia\" target=\"_blank\" rel=\"noopener\">Instituto Universitario de la Familia<\/a> de la <a href=\"https:\/\/www.comillas.edu\/es\/\" target=\"_blank\" rel=\"noopener\">Universidad Pontificia de Comillas<\/a>.<\/p>\n<p>La conferencia tiene por t\u00edtulo <em>La revoluci\u00f3n del padre: la modernidad de una sociedad familiar<\/em>. En ella, se tratar\u00e1 de c\u00f3mo, en el \u00faltimo siglo, se ha llegado a vaciar la paternidad de significado y originalidad. Sin embargo, para ser justos e iguales no hace falta dejar de ser hombre ni de ser padre, sino encontrar el aut\u00e9ntico significado de la paternidad. El conjunto de la sociedad necesita la figura del padre, y por ello es necesaria una revoluci\u00f3n del padre que permita al var\u00f3n desplegar totalmente su capacidad de amar.<\/p>\n<p>La conferencia tendr\u00e1 lugar el lunes, 8 de octubre, a las 20:00 horas, en la parroquia. \u00a1All\u00ed os esperamos!<\/p>\n<p>&nbsp;<\/p>\n<p><span style=\"color: #808080;\">Foto de <a href=\"https:\/\/unsplash.com\/photos\/EQlTyDZRx7U?utm_source=unsplash&amp;utm_medium=referral&amp;utm_content=creditCopyText\" target=\"_blank\" rel=\"noopener\">Picsea<\/a> en \u00a0<a href=\"https:\/\/unsplash.com\/?utm_source=unsplash&amp;utm_medium=referral&amp;utm_content=creditCopyText\" target=\"_blank\" rel=\"noopener\">Unsplash<\/a>. Encuadre.<\/span><\/p>\n","protected":false},"excerpt":{"rendered":"<p>Comenzamos nuestro ciclo de conferencias sobre la familia, ya en su tercera edici\u00f3n, con una charla de Fernando Vidal, soci\u00f3logo y director del Instituto Universitario de la Familia de la &hellip; <a href=\"https:\/\/www.parroquiavirgendelcortijo.es\/?p=1385\" class=\"more-link\">Seguir leyendo <span class=\"screen-reader-text\">Conferencia: La revoluci\u00f3n del padre<\/span> <span class=\"meta-nav\">&rarr;<\/span><\/a><\/p>\n","protected":false},"author":1,"featured_media":1386,"comment_status":"closed","ping_status":"closed","sticky":false,"template":"","format":"standard","meta":{"footnotes":""},"categories":[8,9,35],"tags":[],"class_list":["post-1385","post","type-post","status-publish","format-standard","has-post-thumbnail","hentry","category-actividades","category-pastoral","category-p-familia"],"jetpack_featured_media_url":"https:\/\/www.parroquiavirgendelcortijo.es\/wp-content\/uploads\/2018\/09\/act-laRevolucionDelPadre-dest.jpg","_links":{"self":[{"href":"https:\/\/www.parroquiavirgendelcortijo.es\/index.php?rest_route=\/wp\/v2\/posts\/1385","targetHints":{"allow":["GET"]}}],"collection":[{"href":"https:\/\/www.parroquiavirgendelcortijo.es\/index.php?rest_route=\/wp\/v2\/posts"}],"about":[{"href":"https:\/\/www.parroquiavirgendelcortijo.es\/index.php?rest_route=\/wp\/v2\/types\/post"}],"author":[{"embeddable":true,"href":"https:\/\/www.parroquiavirgendelcortijo.es\/index.php?rest_route=\/wp\/v2\/users\/1"}],"replies":[{"embeddable":true,"href":"https:\/\/www.parroquiavirgendelcortijo.es\/index.php?rest_route=%2Fwp%2Fv2%2Fcomments&post=1385"}],"version-history":[{"count":4,"href":"https:\/\/www.parroquiavirgendelcortijo.es\/index.php?rest_route=\/wp\/v2\/posts\/1385\/revisions"}],"predecessor-version":[{"id":1404,"href":"https:\/\/www.parroquiavirgendelcortijo.es\/index.php?rest_route=\/wp\/v2\/posts\/1385\/revisions\/1404"}],"wp:featuredmedia":[{"embeddable":true,"href":"https:\/\/www.parroquiavirgendelcortijo.es\/index.php?rest_route=\/wp\/v2\/media\/1386"}],"wp:attachment":[{"href":"https:\/\/www.parroquiavirgendelcortijo.es\/index.php?rest_route=%2Fwp%2Fv2%2Fmedia&parent=1385"}],"wp:term":[{"taxonomy":"category","embeddable":true,"href":"https:\/\/www.parroquiavirgendelcortijo.es\/index.php?rest_route=%2Fwp%2Fv2%2Fcategories&post=1385"},{"taxonomy":"post_tag","embeddable":true,"href":"https:\/\/www.parroquiavirgendelcortijo.es\/index.php?rest_route=%2Fwp%2Fv2%2Ftags&post=1385"}],"curies":[{"name":"wp","href":"https:\/\/api.w.org\/{rel}","templated":true}]}}