{"id":1374,"date":"2018-05-31T21:37:38","date_gmt":"2018-05-31T19:37:38","guid":{"rendered":"http:\/\/www.parroquiavirgendelcortijo.es\/?p=1374"},"modified":"2021-10-09T09:06:47","modified_gmt":"2021-10-09T07:06:47","slug":"conferencia-familia-vivir-la-alegria-del-amor-unidos-en-la-oracion","status":"publish","type":"post","link":"https:\/\/www.parroquiavirgendelcortijo.es\/?p=1374","title":{"rendered":"Conferencia: Familia. Vivir la alegr\u00eda del amor unidos en la oraci\u00f3n"},"content":{"rendered":"<p>El pr\u00f3ximo lunes, d\u00eda 4 de junio, a las 20:00, tendremos la \u00faltima conferencia del II ciclo <em>La familia educa<\/em>, con t\u00edtulo <em>Familia. Vivir la alegr\u00eda del amor, unidos en la oraci\u00f3n<\/em>.<\/p>\n<p>La ponente, Teresa Ekobo, nos ha visitado en otras ocasiones y\u00a0es periodista y directora del programa <em><a href=\"http:\/\/www.8madrid.tv\/index.php\/programas\/programa-espectacular.html\" target=\"_blank\" rel=\"noopener noreferrer\">Espectacular<\/a><\/em> de 8Madrid TV y de la Muestra Internacional de Cine que Inspira, <a href=\"http:\/\/madrimana.com\/\" target=\"_blank\" rel=\"noopener noreferrer\">Madriman\u00e1<\/a>.<\/p>\n<p>Os animamos a asistir y a que invit\u00e9is a familiares y amigos. Estos encuentros est\u00e1n siendo un peque\u00f1o tesoro para vivir bien la familia y merece la pena compartirlos.<\/p>\n","protected":false},"excerpt":{"rendered":"<p>El pr\u00f3ximo lunes, d\u00eda 4 de junio, a las 20:00, tendremos la \u00faltima conferencia del II ciclo La familia educa, con t\u00edtulo Familia. Vivir la alegr\u00eda del amor, unidos en &hellip; <a href=\"https:\/\/www.parroquiavirgendelcortijo.es\/?p=1374\" class=\"more-link\">Seguir leyendo <span class=\"screen-reader-text\">Conferencia: Familia. Vivir la alegr\u00eda del amor unidos en la oraci\u00f3n<\/span> <span class=\"meta-nav\">&rarr;<\/span><\/a><\/p>\n","protected":false},"author":1,"featured_media":1375,"comment_status":"closed","ping_status":"closed","sticky":false,"template":"","format":"standard","meta":{"footnotes":""},"categories":[8,9,35],"tags":[],"class_list":["post-1374","post","type-post","status-publish","format-standard","has-post-thumbnail","hentry","category-actividades","category-pastoral","category-p-familia"],"jetpack_featured_media_url":"https:\/\/www.parroquiavirgendelcortijo.es\/wp-content\/uploads\/2018\/05\/act-oracionEnFamilia-dest.jpg","_links":{"self":[{"href":"https:\/\/www.parroquiavirgendelcortijo.es\/index.php?rest_route=\/wp\/v2\/posts\/1374","targetHints":{"allow":["GET"]}}],"collection":[{"href":"https:\/\/www.parroquiavirgendelcortijo.es\/index.php?rest_route=\/wp\/v2\/posts"}],"about":[{"href":"https:\/\/www.parroquiavirgendelcortijo.es\/index.php?rest_route=\/wp\/v2\/types\/post"}],"author":[{"embeddable":true,"href":"https:\/\/www.parroquiavirgendelcortijo.es\/index.php?rest_route=\/wp\/v2\/users\/1"}],"replies":[{"embeddable":true,"href":"https:\/\/www.parroquiavirgendelcortijo.es\/index.php?rest_route=%2Fwp%2Fv2%2Fcomments&post=1374"}],"version-history":[{"count":4,"href":"https:\/\/www.parroquiavirgendelcortijo.es\/index.php?rest_route=\/wp\/v2\/posts\/1374\/revisions"}],"predecessor-version":[{"id":1379,"href":"https:\/\/www.parroquiavirgendelcortijo.es\/index.php?rest_route=\/wp\/v2\/posts\/1374\/revisions\/1379"}],"wp:featuredmedia":[{"embeddable":true,"href":"https:\/\/www.parroquiavirgendelcortijo.es\/index.php?rest_route=\/wp\/v2\/media\/1375"}],"wp:attachment":[{"href":"https:\/\/www.parroquiavirgendelcortijo.es\/index.php?rest_route=%2Fwp%2Fv2%2Fmedia&parent=1374"}],"wp:term":[{"taxonomy":"category","embeddable":true,"href":"https:\/\/www.parroquiavirgendelcortijo.es\/index.php?rest_route=%2Fwp%2Fv2%2Fcategories&post=1374"},{"taxonomy":"post_tag","embeddable":true,"href":"https:\/\/www.parroquiavirgendelcortijo.es\/index.php?rest_route=%2Fwp%2Fv2%2Ftags&post=1374"}],"curies":[{"name":"wp","href":"https:\/\/api.w.org\/{rel}","templated":true}]}}