{"id":1342,"date":"2018-05-13T18:22:16","date_gmt":"2018-05-13T16:22:16","guid":{"rendered":"http:\/\/www.parroquiavirgendelcortijo.es\/?p=1342"},"modified":"2018-05-16T07:29:05","modified_gmt":"2018-05-16T05:29:05","slug":"vigilia-de-pentecostes-2018","status":"publish","type":"post","link":"https:\/\/www.parroquiavirgendelcortijo.es\/?p=1342","title":{"rendered":"Vigilia de Pentecost\u00e9s 2018"},"content":{"rendered":"<p>El pr\u00f3ximo s\u00e1bado, 19 de mayo, celebraremos la vigilia de Pentecost\u00e9s a las <strong>21:00<\/strong>\u00a0para conmemorar la venida del Esp\u00edritu Santo sobre los ap\u00f3stoles.<\/p>\n<blockquote><p>Ven Esp\u00edritu Divino,<br \/>\nmanda tu luz desde el cielo.<br \/>\nPadre amoroso del pobre;<br \/>\ndon, en tus dones espl\u00e9ndido;<br \/>\nluz que penetra las almas,<br \/>\nfuente del mayor consuelo.<\/p>\n<p>Ven, dulce huesped del alma,<br \/>\ndescanso de nuestro esfuerzo,<br \/>\ntregua en el duro trabajo,<br \/>\nbrisa en las horas de fuego,<br \/>\ngozo que enjuga las l\u00e1grimas<br \/>\ny reconforta en los duelos.<\/p>\n<p>Entra hasta el fondo del alma,<br \/>\ndivina luz, y enriqu\u00e9cenos.<br \/>\nMira el vac\u00edo del hombre<br \/>\nsi t\u00fa le faltas por dentro;<br \/>\nmira el poder del pecado<br \/>\ncuando no env\u00edas tu aliento.<\/p>\n<p>Riega la tierra en sequ\u00eda,<br \/>\nsana el coraz\u00f3n enfermo,<br \/>\nlava las manchas,<br \/>\ninfunde calor de vida en el hielo,<br \/>\ndoma el esp\u00edritu ind\u00f3mito,<br \/>\ngu\u00eda al que tuerce el sendero.<\/p>\n<p>Reparte tus siete dones<br \/>\nseg\u00fan la fe de tus siervos.<br \/>\nPor tu bondad y tu gracia<br \/>\ndale al esfuerzo su m\u00e9rito;<br \/>\nsalva al que busca salvarse<br \/>\ny danos tu gozo eterno.<\/p>\n<p>Am\u00e9n.<\/p>\n<p style=\"text-align: right;\">Oraci\u00f3n al Esp\u00edritu Santo &#8211; Secuencia de Pentecost\u00e9s<\/p>\n<\/blockquote>\n<p>Est\u00e1is todos invitados a participar.<\/p>\n","protected":false},"excerpt":{"rendered":"<p>El pr\u00f3ximo s\u00e1bado, 19 de mayo, celebraremos la vigilia de Pentecost\u00e9s a las 21:00\u00a0para conmemorar la venida del Esp\u00edritu Santo sobre los ap\u00f3stoles. Ven Esp\u00edritu Divino, manda tu luz desde &hellip; <a href=\"https:\/\/www.parroquiavirgendelcortijo.es\/?p=1342\" class=\"more-link\">Seguir leyendo <span class=\"screen-reader-text\">Vigilia de Pentecost\u00e9s 2018<\/span> <span class=\"meta-nav\">&rarr;<\/span><\/a><\/p>\n","protected":false},"author":1,"featured_media":1343,"comment_status":"closed","ping_status":"closed","sticky":false,"template":"","format":"standard","meta":{"footnotes":""},"categories":[9],"tags":[],"class_list":["post-1342","post","type-post","status-publish","format-standard","has-post-thumbnail","hentry","category-pastoral"],"jetpack_featured_media_url":"https:\/\/www.parroquiavirgendelcortijo.es\/wp-content\/uploads\/2018\/05\/gral-vigiliaPentecostes2018-dest.jpg","_links":{"self":[{"href":"https:\/\/www.parroquiavirgendelcortijo.es\/index.php?rest_route=\/wp\/v2\/posts\/1342","targetHints":{"allow":["GET"]}}],"collection":[{"href":"https:\/\/www.parroquiavirgendelcortijo.es\/index.php?rest_route=\/wp\/v2\/posts"}],"about":[{"href":"https:\/\/www.parroquiavirgendelcortijo.es\/index.php?rest_route=\/wp\/v2\/types\/post"}],"author":[{"embeddable":true,"href":"https:\/\/www.parroquiavirgendelcortijo.es\/index.php?rest_route=\/wp\/v2\/users\/1"}],"replies":[{"embeddable":true,"href":"https:\/\/www.parroquiavirgendelcortijo.es\/index.php?rest_route=%2Fwp%2Fv2%2Fcomments&post=1342"}],"version-history":[{"count":8,"href":"https:\/\/www.parroquiavirgendelcortijo.es\/index.php?rest_route=\/wp\/v2\/posts\/1342\/revisions"}],"predecessor-version":[{"id":1351,"href":"https:\/\/www.parroquiavirgendelcortijo.es\/index.php?rest_route=\/wp\/v2\/posts\/1342\/revisions\/1351"}],"wp:featuredmedia":[{"embeddable":true,"href":"https:\/\/www.parroquiavirgendelcortijo.es\/index.php?rest_route=\/wp\/v2\/media\/1343"}],"wp:attachment":[{"href":"https:\/\/www.parroquiavirgendelcortijo.es\/index.php?rest_route=%2Fwp%2Fv2%2Fmedia&parent=1342"}],"wp:term":[{"taxonomy":"category","embeddable":true,"href":"https:\/\/www.parroquiavirgendelcortijo.es\/index.php?rest_route=%2Fwp%2Fv2%2Fcategories&post=1342"},{"taxonomy":"post_tag","embeddable":true,"href":"https:\/\/www.parroquiavirgendelcortijo.es\/index.php?rest_route=%2Fwp%2Fv2%2Ftags&post=1342"}],"curies":[{"name":"wp","href":"https:\/\/api.w.org\/{rel}","templated":true}]}}