{"id":1301,"date":"2018-03-16T18:28:08","date_gmt":"2018-03-16T17:28:08","guid":{"rendered":"http:\/\/www.parroquiavirgendelcortijo.es\/?p=1301"},"modified":"2021-10-09T09:06:47","modified_gmt":"2021-10-09T07:06:47","slug":"conferencia-comunicacion-en-el-matrimonio","status":"publish","type":"post","link":"https:\/\/www.parroquiavirgendelcortijo.es\/?p=1301","title":{"rendered":"Conferencia: Comunicaci\u00f3n en el matrimonio"},"content":{"rendered":"<p>El lunes, 23 de abril, a las 20:00, tendremos la primera conferencia en 2018 del ciclo <a href=\"http:\/\/www.parroquiavirgendelcortijo.es\/?p=1004\"><em>La familia educa<\/em><\/a>, cuarta del programa general.<\/p>\n<p>M\u00f3nica de Aysa, que cuenta con un m\u00e1ster en sexualidad y matrimonio, nos hablar\u00e1 de\u00a0<em>Comunicaci\u00f3n en el matrimonio. Un amor espec\u00edficamente sexual<\/em>.<\/p>\n<p>&nbsp;<\/p>\n","protected":false},"excerpt":{"rendered":"<p>El lunes, 23 de abril, a las 20:00, tendremos la primera conferencia en 2018 del ciclo La familia educa, cuarta del programa general. M\u00f3nica de Aysa, que cuenta con un &hellip; <a href=\"https:\/\/www.parroquiavirgendelcortijo.es\/?p=1301\" class=\"more-link\">Seguir leyendo <span class=\"screen-reader-text\">Conferencia: Comunicaci\u00f3n en el matrimonio<\/span> <span class=\"meta-nav\">&rarr;<\/span><\/a><\/p>\n","protected":false},"author":1,"featured_media":1302,"comment_status":"closed","ping_status":"closed","sticky":false,"template":"","format":"standard","meta":{"footnotes":""},"categories":[8,9,35],"tags":[],"class_list":["post-1301","post","type-post","status-publish","format-standard","has-post-thumbnail","hentry","category-actividades","category-pastoral","category-p-familia"],"jetpack_featured_media_url":"https:\/\/www.parroquiavirgendelcortijo.es\/wp-content\/uploads\/2018\/03\/act-comunicacionMatrimonio-dest.jpg","_links":{"self":[{"href":"https:\/\/www.parroquiavirgendelcortijo.es\/index.php?rest_route=\/wp\/v2\/posts\/1301","targetHints":{"allow":["GET"]}}],"collection":[{"href":"https:\/\/www.parroquiavirgendelcortijo.es\/index.php?rest_route=\/wp\/v2\/posts"}],"about":[{"href":"https:\/\/www.parroquiavirgendelcortijo.es\/index.php?rest_route=\/wp\/v2\/types\/post"}],"author":[{"embeddable":true,"href":"https:\/\/www.parroquiavirgendelcortijo.es\/index.php?rest_route=\/wp\/v2\/users\/1"}],"replies":[{"embeddable":true,"href":"https:\/\/www.parroquiavirgendelcortijo.es\/index.php?rest_route=%2Fwp%2Fv2%2Fcomments&post=1301"}],"version-history":[{"count":2,"href":"https:\/\/www.parroquiavirgendelcortijo.es\/index.php?rest_route=\/wp\/v2\/posts\/1301\/revisions"}],"predecessor-version":[{"id":1319,"href":"https:\/\/www.parroquiavirgendelcortijo.es\/index.php?rest_route=\/wp\/v2\/posts\/1301\/revisions\/1319"}],"wp:featuredmedia":[{"embeddable":true,"href":"https:\/\/www.parroquiavirgendelcortijo.es\/index.php?rest_route=\/wp\/v2\/media\/1302"}],"wp:attachment":[{"href":"https:\/\/www.parroquiavirgendelcortijo.es\/index.php?rest_route=%2Fwp%2Fv2%2Fmedia&parent=1301"}],"wp:term":[{"taxonomy":"category","embeddable":true,"href":"https:\/\/www.parroquiavirgendelcortijo.es\/index.php?rest_route=%2Fwp%2Fv2%2Fcategories&post=1301"},{"taxonomy":"post_tag","embeddable":true,"href":"https:\/\/www.parroquiavirgendelcortijo.es\/index.php?rest_route=%2Fwp%2Fv2%2Ftags&post=1301"}],"curies":[{"name":"wp","href":"https:\/\/api.w.org\/{rel}","templated":true}]}}