{"id":1286,"date":"2018-02-19T21:43:36","date_gmt":"2018-02-19T20:43:36","guid":{"rendered":"http:\/\/www.parroquiavirgendelcortijo.es\/?p=1286"},"modified":"2018-03-16T20:39:49","modified_gmt":"2018-03-16T19:39:49","slug":"cuaresma-2018","status":"publish","type":"post","link":"https:\/\/www.parroquiavirgendelcortijo.es\/?p=1286","title":{"rendered":"Cuaresma 2018"},"content":{"rendered":"<p>Durante la cuaresma tendr\u00e1n lugar las siguientes actividades en la parroquia:<\/p>\n<h1>Todos los d\u00edas de cuaresma, desde el 15 de febrero<\/h1>\n<p><strong>6:30<\/strong> &#8211; Rezo de la oraci\u00f3n de laudes, a primera hora de la ma\u00f1ana.<\/p>\n<h1>Todos los viernes de cuaresma<\/h1>\n<p><strong>19:30<\/strong> &#8211; Via Crucis.<\/p>\n<h1>Charlas cuaresmales<\/h1>\n<h3>Lunes, 19 de febrero<\/h3>\n<p><strong>19:30<\/strong> (aprox.; despu\u00e9s de misa de 19:00) &#8211; <em>La transfiguraci\u00f3n<\/em>, por Anthony Coyle.<\/p>\n<h3>Mi\u00e9rcoles, 21 de febrero<\/h3>\n<p><strong>19:30<\/strong> (aprox.; despu\u00e9s de misa de 19:00) &#8211; <em>La Cuaresma, camino de conversi\u00f3n hacia la Pascua<\/em>, por el padre Jos\u00e9 Uriel.<\/p>\n<h3>Lunes, 26 de febrero<\/h3>\n<p><strong>19:30<\/strong> (aprox.; despu\u00e9s de misa de 19:00) &#8211; <i>Comentario sobre el mensaje de Cuaresma 2018 del\u00a0Papa Francisco<\/i>, por el padre Rodolfo Morales.<\/p>\n<h1>Martes, 27 de febrero. Celebraci\u00f3n penitencial<\/h1>\n<p><strong>20:30<\/strong>\u00a0&#8211; Celebraci\u00f3n comunitaria de la penitencia.<\/p>\n<p>&nbsp;<\/p>\n<p>&nbsp;<\/p>\n<blockquote><p>Invito especialmente a los miembros de la Iglesia a emprender con celo el Camino de la Cuaresma, sostenidos por la limosna, el ayuno y la oraci\u00f3n. Si en muchos corazones a veces da la impresi\u00f3n de que la caridad se ha apagado, en el coraz\u00f3n de Dios no se apaga. \u00c9l siempre nos da una nueva oportunidad para que podamos empezar a amar de nuevo.<\/p>\n<p>En la noche de Pascua reviviremos el sugestivo rito de encender el cirio pascual: la luz que proviene del \u00abfuego nuevo\u00bb poco a poco disipar\u00e1 la oscuridad e iluminar\u00e1 la asamblea lit\u00fargica. \u00abQue la luz de Cristo, resucitado y glorioso, disipe las tinieblas de nuestro coraz\u00f3n y de nuestro esp\u00edritu\u00bb, para que todos podamos vivir la misma experiencia de los disc\u00edpulos de Ema\u00fas: despu\u00e9s de escuchar la Palabra del Se\u00f1or y de alimentarnos con el Pan eucar\u00edstico nuestro coraz\u00f3n volver\u00e1 a arder de fe, esperanza y caridad.<\/p>\n<p style=\"text-align: right;\"><strong>Mensaje de Cuaresma 2018, Papa Francisco<\/strong><\/p>\n<p>&nbsp;<\/p><\/blockquote>\n<p><span style=\"color: #808080;\">Imagen de\u00a0<\/span><a href=\"https:\/\/unsplash.com\/photos\/5c5VcFshOds?utm_source=unsplash&amp;utm_medium=referral&amp;utm_content=creditCopyText\">Aaron Burden<\/a><span style=\"color: #808080;\">\u00a0en\u00a0<\/span><a href=\"https:\/\/unsplash.com\/search\/photos\/lent?utm_source=unsplash&amp;utm_medium=referral&amp;utm_content=creditCopyText\">Unsplash<\/a><span style=\"color: #808080;\">. Encuadre.<\/span><\/p>\n","protected":false},"excerpt":{"rendered":"<p>Durante la cuaresma tendr\u00e1n lugar las siguientes actividades en la parroquia: Todos los d\u00edas de cuaresma, desde el 15 de febrero 6:30 &#8211; Rezo de la oraci\u00f3n de laudes, a &hellip; <a href=\"https:\/\/www.parroquiavirgendelcortijo.es\/?p=1286\" class=\"more-link\">Seguir leyendo <span class=\"screen-reader-text\">Cuaresma 2018<\/span> <span class=\"meta-nav\">&rarr;<\/span><\/a><\/p>\n","protected":false},"author":1,"featured_media":1287,"comment_status":"closed","ping_status":"closed","sticky":false,"template":"","format":"standard","meta":{"footnotes":""},"categories":[8,9],"tags":[],"class_list":["post-1286","post","type-post","status-publish","format-standard","has-post-thumbnail","hentry","category-actividades","category-pastoral"],"jetpack_featured_media_url":"https:\/\/www.parroquiavirgendelcortijo.es\/wp-content\/uploads\/2018\/02\/pas-cuaresma2018-dest.jpg","_links":{"self":[{"href":"https:\/\/www.parroquiavirgendelcortijo.es\/index.php?rest_route=\/wp\/v2\/posts\/1286","targetHints":{"allow":["GET"]}}],"collection":[{"href":"https:\/\/www.parroquiavirgendelcortijo.es\/index.php?rest_route=\/wp\/v2\/posts"}],"about":[{"href":"https:\/\/www.parroquiavirgendelcortijo.es\/index.php?rest_route=\/wp\/v2\/types\/post"}],"author":[{"embeddable":true,"href":"https:\/\/www.parroquiavirgendelcortijo.es\/index.php?rest_route=\/wp\/v2\/users\/1"}],"replies":[{"embeddable":true,"href":"https:\/\/www.parroquiavirgendelcortijo.es\/index.php?rest_route=%2Fwp%2Fv2%2Fcomments&post=1286"}],"version-history":[{"count":1,"href":"https:\/\/www.parroquiavirgendelcortijo.es\/index.php?rest_route=\/wp\/v2\/posts\/1286\/revisions"}],"predecessor-version":[{"id":1288,"href":"https:\/\/www.parroquiavirgendelcortijo.es\/index.php?rest_route=\/wp\/v2\/posts\/1286\/revisions\/1288"}],"wp:featuredmedia":[{"embeddable":true,"href":"https:\/\/www.parroquiavirgendelcortijo.es\/index.php?rest_route=\/wp\/v2\/media\/1287"}],"wp:attachment":[{"href":"https:\/\/www.parroquiavirgendelcortijo.es\/index.php?rest_route=%2Fwp%2Fv2%2Fmedia&parent=1286"}],"wp:term":[{"taxonomy":"category","embeddable":true,"href":"https:\/\/www.parroquiavirgendelcortijo.es\/index.php?rest_route=%2Fwp%2Fv2%2Fcategories&post=1286"},{"taxonomy":"post_tag","embeddable":true,"href":"https:\/\/www.parroquiavirgendelcortijo.es\/index.php?rest_route=%2Fwp%2Fv2%2Ftags&post=1286"}],"curies":[{"name":"wp","href":"https:\/\/api.w.org\/{rel}","templated":true}]}}