{"id":1282,"date":"2018-02-12T21:09:10","date_gmt":"2018-02-12T20:09:10","guid":{"rendered":"http:\/\/www.parroquiavirgendelcortijo.es\/?p=1282"},"modified":"2018-12-29T11:28:22","modified_gmt":"2018-12-29T10:28:22","slug":"fotos-de-la-fiesta-de-la-parroquia-2018","status":"publish","type":"post","link":"https:\/\/www.parroquiavirgendelcortijo.es\/?p=1282","title":{"rendered":"Fotos de la fiesta de la parroquia 2018"},"content":{"rendered":"<p>Ya tenemos algunas fotos de la fiesta de la parroquia en <a href=\"https:\/\/www.flickr.com\/photos\/131947346@N03\/sets\/72157693347531415\" target=\"_blank\" rel=\"noopener\">nuestra p\u00e1gina de Flickr<\/a>. Iremos subiendo m\u00e1s conforme vayamos recibi\u00e9ndolas.<\/p>\n<p>\u00a1Muchas gracias a\u00a0Edwin Arnoldo Carranza por ejercer de fot\u00f3grafo!<\/p>\n","protected":false},"excerpt":{"rendered":"<p>Ya tenemos algunas fotos de la fiesta de la parroquia en nuestra p\u00e1gina de Flickr. Iremos subiendo m\u00e1s conforme vayamos recibi\u00e9ndolas. \u00a1Muchas gracias a\u00a0Edwin Arnoldo Carranza por ejercer de fot\u00f3grafo!<\/p>\n","protected":false},"author":1,"featured_media":1283,"comment_status":"closed","ping_status":"closed","sticky":false,"template":"","format":"standard","meta":{"footnotes":""},"categories":[8],"tags":[28],"class_list":["post-1282","post","type-post","status-publish","format-standard","has-post-thumbnail","hentry","category-actividades","tag-fotos"],"jetpack_featured_media_url":"https:\/\/www.parroquiavirgendelcortijo.es\/wp-content\/uploads\/2018\/02\/act-fiestaParroquia2018-dest.jpg","_links":{"self":[{"href":"https:\/\/www.parroquiavirgendelcortijo.es\/index.php?rest_route=\/wp\/v2\/posts\/1282","targetHints":{"allow":["GET"]}}],"collection":[{"href":"https:\/\/www.parroquiavirgendelcortijo.es\/index.php?rest_route=\/wp\/v2\/posts"}],"about":[{"href":"https:\/\/www.parroquiavirgendelcortijo.es\/index.php?rest_route=\/wp\/v2\/types\/post"}],"author":[{"embeddable":true,"href":"https:\/\/www.parroquiavirgendelcortijo.es\/index.php?rest_route=\/wp\/v2\/users\/1"}],"replies":[{"embeddable":true,"href":"https:\/\/www.parroquiavirgendelcortijo.es\/index.php?rest_route=%2Fwp%2Fv2%2Fcomments&post=1282"}],"version-history":[{"count":1,"href":"https:\/\/www.parroquiavirgendelcortijo.es\/index.php?rest_route=\/wp\/v2\/posts\/1282\/revisions"}],"predecessor-version":[{"id":1284,"href":"https:\/\/www.parroquiavirgendelcortijo.es\/index.php?rest_route=\/wp\/v2\/posts\/1282\/revisions\/1284"}],"wp:featuredmedia":[{"embeddable":true,"href":"https:\/\/www.parroquiavirgendelcortijo.es\/index.php?rest_route=\/wp\/v2\/media\/1283"}],"wp:attachment":[{"href":"https:\/\/www.parroquiavirgendelcortijo.es\/index.php?rest_route=%2Fwp%2Fv2%2Fmedia&parent=1282"}],"wp:term":[{"taxonomy":"category","embeddable":true,"href":"https:\/\/www.parroquiavirgendelcortijo.es\/index.php?rest_route=%2Fwp%2Fv2%2Fcategories&post=1282"},{"taxonomy":"post_tag","embeddable":true,"href":"https:\/\/www.parroquiavirgendelcortijo.es\/index.php?rest_route=%2Fwp%2Fv2%2Ftags&post=1282"}],"curies":[{"name":"wp","href":"https:\/\/api.w.org\/{rel}","templated":true}]}}