{"id":1247,"date":"2018-01-19T17:50:34","date_gmt":"2018-01-19T16:50:34","guid":{"rendered":"http:\/\/www.parroquiavirgendelcortijo.es\/?p=1247"},"modified":"2022-02-26T00:22:16","modified_gmt":"2022-02-25T23:22:16","slug":"peregrinacion-a-lourdes","status":"publish","type":"post","link":"https:\/\/www.parroquiavirgendelcortijo.es\/?p=1247","title":{"rendered":"Peregrinaci\u00f3n a Lourdes"},"content":{"rendered":"<p>La parroquia organiza una peregrinaci\u00f3n a Lourdes del 9 al 11 de marzo de 2018.<\/p>\n<h2>Programa<\/h2>\n<h4>Viernes, 9 de marzo: Madrid-Lourdes<\/h4>\n<p>Salida desde la Parroquia a las 07:00 horas hacia el Santuario de Loyola. Llegada a las 12:00 horas aproximadamente y celebraci\u00f3n de la Eucarist\u00eda en el Santuario. Comida en Azpeitia. Por la tarde visita al Santuario, incluyendo el castillo donde naci\u00f3 y vivi\u00f3 San Ignacio, Capilla de la Conversi\u00f3n y la Bas\u00edlica, donde explicaremos la vida y obra del Santo y su espiritualidad. A la hora indicada, salida hacia Lourdes. Durante el viaje, explicaci\u00f3n de las Apariciones de la Virgen y lo que han supuesto para la Iglesia. Llegada, traslado al hotel, reparto de habitaciones y cena. Despu\u00e9s de cenar y desde el lugar donde se apareci\u00f3 la Virgen por \u00faltima vez, explicaci\u00f3n de la vida de Santa Bernadette. Regreso al hotel y alojamiento.<\/p>\n<h4>S\u00e1bado, 10 de marzo: Lourdes<\/h4>\n<p>Desayuno en el hotel. Visita al Santuario, Iglesia donde fue bautizada Bernadette, el Cachot (calabozo) y Molino. Celebraci\u00f3n de la Eucarist\u00eda en una de las capillas del Santuario. Comida en el hotel. Por la tarde, en un ambiente de oraci\u00f3n y recogimiento, recibiremos una explicaci\u00f3n catequ\u00e9tica sobre la fuente de Lourdes, la Gruta de las Apariciones, la Antorcha y el Santo Rosario, que son cuatro ritos que la Virgen hizo a Bernadette fundamentales para la comprensi\u00f3n del mensaje de la Virgen en sus apariciones. Regreso al hotel y cena. Catequesis sobre la Virgen Mar\u00eda \u201cla llena de Gracia\u00bb. Al finalizar, alojamiento.<\/p>\n<h4>Domingo, 11 de marzo: \u00a0Lourdes-Madrid<\/h4>\n<p>Desayuno en el hotel. Concelebraci\u00f3n de la Eucarist\u00eda en la gruta de las aparicioness. Tiempo libre para realizar las \u00faltimas visitas o compras. Comida temprano en el hotel. Por la tarde a la hora indicada, salida hacia Madrid. Llegada a las 22:00 horas aproximadamente.<\/p>\n<h2>Detalles<\/h2>\n<p>Precio por persona (hotel Saint Suveur, de 3 estrellas)<\/p>\n<ul>\n<li>Grupo de 53-54 personas: 210\u20ac<\/li>\n<li>Grupo de 53-54 personas: 225\u20ac<\/li>\n<li>Grupo de 53-54 personas: 250\u20ac<\/li>\n<li>Suplemento por habitaci\u00f3n individual: 65\u20ac<\/li>\n<\/ul>\n<h3>El precio incluye&#8230;<\/h3>\n<ul>\n<li>Autocar de lujo durante todo el recorrido.<\/li>\n<li>2 noches de estancia en Hotel en Lourdes.<\/li>\n<li>Visitas seg\u00fan itinerario y Entradas.<\/li>\n<li>R\u00e9gimen de pensi\u00f3n completa (agua y vino incluidos).<\/li>\n<li>Seguro de viaje e impuestos.<\/li>\n<\/ul>\n<h4>El precio no incluye&#8230;<\/h4>\n<ul>\n<li>Bebidas alcoh\u00f3licas, refrescos o caf\u00e9s en las comidas y cenas.<\/li>\n<li>Extras en los hoteles tales como llamadas telef\u00f3nicas, etc.<\/li>\n<li>Cualquier servicio no especificado en el apartado anterior.<\/li>\n<\/ul>\n<h4>Forma de pago<\/h4>\n<p>Ingreso\/transferencia antes del 24 de febrero de 2018, en la siguiente cuenta del Banco de Santander:<\/p>\n<p>Titular: Parroquia Virgen del Cortijo Peregrinaciones<\/p>\n<p>IBAN: ES73 0049 4437 60 2510005943<\/p>\n<h2>M\u00e1s informaci\u00f3n<\/h2>\n<p>En el <a href=\"http:\/\/www.parroquiavirgendelcortijo.es\/wp-content\/uploads\/2018\/01\/Triptico_VIRGEN_CORTIJO_LOURDES-mini.pdf\">tr\u00edptico informativo<\/a>, o llamando al padre \u00d3scar (638 730 187) o al despacho de la parroquia (91 766 30 81).<\/p>\n<p>&nbsp;<\/p>\n<p><span style=\"color: #808080;\">Imagen de <a href=\"https:\/\/www.flickr.com\/photos\/carlospons\/2636208575\/\" target=\"_blank\" rel=\"noopener\">Carlos Pons<\/a>. Encuadre y realce.\u00a0<span style=\"color: #999999;\">Licencia: <a href=\"https:\/\/creativecommons.org\/licenses\/by-nc-sa\/2.0\/deed.es\" target=\"_blank\" rel=\"noopener\">CC BY-NC-SA 2.0<\/a>.<\/span><\/span><\/p>\n","protected":false},"excerpt":{"rendered":"<p>La parroquia organiza una peregrinaci\u00f3n a Lourdes del 9 al 11 de marzo de 2018. Programa Viernes, 9 de marzo: Madrid-Lourdes Salida desde la Parroquia a las 07:00 horas hacia &hellip; <a href=\"https:\/\/www.parroquiavirgendelcortijo.es\/?p=1247\" class=\"more-link\">Seguir leyendo <span class=\"screen-reader-text\">Peregrinaci\u00f3n a Lourdes<\/span> <span class=\"meta-nav\">&rarr;<\/span><\/a><\/p>\n","protected":false},"author":1,"featured_media":1248,"comment_status":"closed","ping_status":"closed","sticky":false,"template":"","format":"standard","meta":{"footnotes":""},"categories":[8],"tags":[15],"class_list":["post-1247","post","type-post","status-publish","format-standard","has-post-thumbnail","hentry","category-actividades","tag-peregrinacion"],"jetpack_featured_media_url":"https:\/\/www.parroquiavirgendelcortijo.es\/wp-content\/uploads\/2018\/01\/act-peregrinacionLourdes2018-dest.jpg","_links":{"self":[{"href":"https:\/\/www.parroquiavirgendelcortijo.es\/index.php?rest_route=\/wp\/v2\/posts\/1247","targetHints":{"allow":["GET"]}}],"collection":[{"href":"https:\/\/www.parroquiavirgendelcortijo.es\/index.php?rest_route=\/wp\/v2\/posts"}],"about":[{"href":"https:\/\/www.parroquiavirgendelcortijo.es\/index.php?rest_route=\/wp\/v2\/types\/post"}],"author":[{"embeddable":true,"href":"https:\/\/www.parroquiavirgendelcortijo.es\/index.php?rest_route=\/wp\/v2\/users\/1"}],"replies":[{"embeddable":true,"href":"https:\/\/www.parroquiavirgendelcortijo.es\/index.php?rest_route=%2Fwp%2Fv2%2Fcomments&post=1247"}],"version-history":[{"count":6,"href":"https:\/\/www.parroquiavirgendelcortijo.es\/index.php?rest_route=\/wp\/v2\/posts\/1247\/revisions"}],"predecessor-version":[{"id":2878,"href":"https:\/\/www.parroquiavirgendelcortijo.es\/index.php?rest_route=\/wp\/v2\/posts\/1247\/revisions\/2878"}],"wp:featuredmedia":[{"embeddable":true,"href":"https:\/\/www.parroquiavirgendelcortijo.es\/index.php?rest_route=\/wp\/v2\/media\/1248"}],"wp:attachment":[{"href":"https:\/\/www.parroquiavirgendelcortijo.es\/index.php?rest_route=%2Fwp%2Fv2%2Fmedia&parent=1247"}],"wp:term":[{"taxonomy":"category","embeddable":true,"href":"https:\/\/www.parroquiavirgendelcortijo.es\/index.php?rest_route=%2Fwp%2Fv2%2Fcategories&post=1247"},{"taxonomy":"post_tag","embeddable":true,"href":"https:\/\/www.parroquiavirgendelcortijo.es\/index.php?rest_route=%2Fwp%2Fv2%2Ftags&post=1247"}],"curies":[{"name":"wp","href":"https:\/\/api.w.org\/{rel}","templated":true}]}}