{"id":1220,"date":"2017-12-25T00:01:00","date_gmt":"2017-12-24T23:01:00","guid":{"rendered":"http:\/\/www.parroquiavirgendelcortijo.es\/?p=1220"},"modified":"2018-01-19T21:19:19","modified_gmt":"2018-01-19T20:19:19","slug":"feliz-navidad-2","status":"publish","type":"post","link":"https:\/\/www.parroquiavirgendelcortijo.es\/?p=1220","title":{"rendered":"\u00a1Feliz Navidad!"},"content":{"rendered":"<blockquote><p>\u00abUn ni\u00f1o nos ha nacido, un hijo se nos ha dado\u00bb (Is 9,5). Hoy se renueva el misterio de la Navidad: nace tambi\u00e9n para los hombres de nuestro tiempo este Ni\u00f1o que trae la salvaci\u00f3n al mundo; nace llevando alegr\u00eda y paz a todos.<\/p>\n<p style=\"text-align: right;\">San Juan Pablo II<\/p>\n<\/blockquote>\n<p><span style=\"color: #ff0000;\"><strong>\u00a1Feliz Navidad!<\/strong><\/span><\/p>\n","protected":false},"excerpt":{"rendered":"<p>\u00abUn ni\u00f1o nos ha nacido, un hijo se nos ha dado\u00bb (Is 9,5). Hoy se renueva el misterio de la Navidad: nace tambi\u00e9n para los hombres de nuestro tiempo este &hellip; <a href=\"https:\/\/www.parroquiavirgendelcortijo.es\/?p=1220\" class=\"more-link\">Seguir leyendo <span class=\"screen-reader-text\">\u00a1Feliz Navidad!<\/span> <span class=\"meta-nav\">&rarr;<\/span><\/a><\/p>\n","protected":false},"author":1,"featured_media":1221,"comment_status":"closed","ping_status":"closed","sticky":false,"template":"","format":"standard","meta":{"footnotes":""},"categories":[22],"tags":[],"class_list":["post-1220","post","type-post","status-publish","format-standard","has-post-thumbnail","hentry","category-avisos"],"jetpack_featured_media_url":"https:\/\/www.parroquiavirgendelcortijo.es\/wp-content\/uploads\/2017\/12\/gral-felizNavidad2017-dest.jpg","_links":{"self":[{"href":"https:\/\/www.parroquiavirgendelcortijo.es\/index.php?rest_route=\/wp\/v2\/posts\/1220","targetHints":{"allow":["GET"]}}],"collection":[{"href":"https:\/\/www.parroquiavirgendelcortijo.es\/index.php?rest_route=\/wp\/v2\/posts"}],"about":[{"href":"https:\/\/www.parroquiavirgendelcortijo.es\/index.php?rest_route=\/wp\/v2\/types\/post"}],"author":[{"embeddable":true,"href":"https:\/\/www.parroquiavirgendelcortijo.es\/index.php?rest_route=\/wp\/v2\/users\/1"}],"replies":[{"embeddable":true,"href":"https:\/\/www.parroquiavirgendelcortijo.es\/index.php?rest_route=%2Fwp%2Fv2%2Fcomments&post=1220"}],"version-history":[{"count":1,"href":"https:\/\/www.parroquiavirgendelcortijo.es\/index.php?rest_route=\/wp\/v2\/posts\/1220\/revisions"}],"predecessor-version":[{"id":1222,"href":"https:\/\/www.parroquiavirgendelcortijo.es\/index.php?rest_route=\/wp\/v2\/posts\/1220\/revisions\/1222"}],"wp:featuredmedia":[{"embeddable":true,"href":"https:\/\/www.parroquiavirgendelcortijo.es\/index.php?rest_route=\/wp\/v2\/media\/1221"}],"wp:attachment":[{"href":"https:\/\/www.parroquiavirgendelcortijo.es\/index.php?rest_route=%2Fwp%2Fv2%2Fmedia&parent=1220"}],"wp:term":[{"taxonomy":"category","embeddable":true,"href":"https:\/\/www.parroquiavirgendelcortijo.es\/index.php?rest_route=%2Fwp%2Fv2%2Fcategories&post=1220"},{"taxonomy":"post_tag","embeddable":true,"href":"https:\/\/www.parroquiavirgendelcortijo.es\/index.php?rest_route=%2Fwp%2Fv2%2Ftags&post=1220"}],"curies":[{"name":"wp","href":"https:\/\/api.w.org\/{rel}","templated":true}]}}