{"id":1174,"date":"2017-11-24T20:42:59","date_gmt":"2017-11-24T19:42:59","guid":{"rendered":"http:\/\/www.parroquiavirgendelcortijo.es\/?p=1174"},"modified":"2017-12-16T07:55:14","modified_gmt":"2017-12-16T06:55:14","slug":"operacion-kilo-de-caritas","status":"publish","type":"post","link":"https:\/\/www.parroquiavirgendelcortijo.es\/?p=1174","title":{"rendered":"Campa\u00f1a de recogida de alimentos por Navidad, de C\u00e1ritas"},"content":{"rendered":"<p>La tradicional campa\u00f1a de recogida de alimentos organizada por C\u00e1ritas, en la que recogemos alimentos para los m\u00e1s necesitados, tendr\u00e1 lugar en dos fases este a\u00f1o:<\/p>\n<ul>\n<li>del 27 al 30 de noviembre, en el colegio Valdefuentes<\/li>\n<li>los d\u00edas 11, 12 y 13 de diciembre, \u00a0en los supermercados de la zona durante todo el d\u00eda y \u00a0en las dependencias de la parroquia, en horario de 11:00 a 13:00 y de 18:00 a 20:00<\/li>\n<\/ul>\n<p>&nbsp;<\/p>\n<p><span style=\"color: #999999;\">Foto de\u00a0<\/span><a href=\"https:\/\/unsplash.com\/photos\/SvhXD3kPSTY?utm_source=unsplash&amp;utm_medium=referral&amp;utm_content=creditCopyText\">NeONBRAND<\/a><span style=\"color: #999999;\">\u00a0en\u00a0<\/span><a href=\"https:\/\/unsplash.com\/?utm_source=unsplash&amp;utm_medium=referral&amp;utm_content=creditCopyText\">Unsplash<\/a><span style=\"color: #999999;\">.<\/span><\/p>\n","protected":false},"excerpt":{"rendered":"<p>La tradicional campa\u00f1a de recogida de alimentos organizada por C\u00e1ritas, en la que recogemos alimentos para los m\u00e1s necesitados, tendr\u00e1 lugar en dos fases este a\u00f1o: del 27 al 30 &hellip; <a href=\"https:\/\/www.parroquiavirgendelcortijo.es\/?p=1174\" class=\"more-link\">Seguir leyendo <span class=\"screen-reader-text\">Campa\u00f1a de recogida de alimentos por Navidad, de C\u00e1ritas<\/span> <span class=\"meta-nav\">&rarr;<\/span><\/a><\/p>\n","protected":false},"author":1,"featured_media":1176,"comment_status":"closed","ping_status":"closed","sticky":false,"template":"","format":"standard","meta":{"footnotes":""},"categories":[8,23],"tags":[],"class_list":["post-1174","post","type-post","status-publish","format-standard","has-post-thumbnail","hentry","category-actividades","category-caritas"],"jetpack_featured_media_url":"https:\/\/www.parroquiavirgendelcortijo.es\/wp-content\/uploads\/2017\/11\/pas-campanaKiloLitroLata-dest.jpg","_links":{"self":[{"href":"https:\/\/www.parroquiavirgendelcortijo.es\/index.php?rest_route=\/wp\/v2\/posts\/1174","targetHints":{"allow":["GET"]}}],"collection":[{"href":"https:\/\/www.parroquiavirgendelcortijo.es\/index.php?rest_route=\/wp\/v2\/posts"}],"about":[{"href":"https:\/\/www.parroquiavirgendelcortijo.es\/index.php?rest_route=\/wp\/v2\/types\/post"}],"author":[{"embeddable":true,"href":"https:\/\/www.parroquiavirgendelcortijo.es\/index.php?rest_route=\/wp\/v2\/users\/1"}],"replies":[{"embeddable":true,"href":"https:\/\/www.parroquiavirgendelcortijo.es\/index.php?rest_route=%2Fwp%2Fv2%2Fcomments&post=1174"}],"version-history":[{"count":4,"href":"https:\/\/www.parroquiavirgendelcortijo.es\/index.php?rest_route=\/wp\/v2\/posts\/1174\/revisions"}],"predecessor-version":[{"id":1196,"href":"https:\/\/www.parroquiavirgendelcortijo.es\/index.php?rest_route=\/wp\/v2\/posts\/1174\/revisions\/1196"}],"wp:featuredmedia":[{"embeddable":true,"href":"https:\/\/www.parroquiavirgendelcortijo.es\/index.php?rest_route=\/wp\/v2\/media\/1176"}],"wp:attachment":[{"href":"https:\/\/www.parroquiavirgendelcortijo.es\/index.php?rest_route=%2Fwp%2Fv2%2Fmedia&parent=1174"}],"wp:term":[{"taxonomy":"category","embeddable":true,"href":"https:\/\/www.parroquiavirgendelcortijo.es\/index.php?rest_route=%2Fwp%2Fv2%2Fcategories&post=1174"},{"taxonomy":"post_tag","embeddable":true,"href":"https:\/\/www.parroquiavirgendelcortijo.es\/index.php?rest_route=%2Fwp%2Fv2%2Ftags&post=1174"}],"curies":[{"name":"wp","href":"https:\/\/api.w.org\/{rel}","templated":true}]}}