{"id":1131,"date":"2017-10-28T08:38:25","date_gmt":"2017-10-28T06:38:25","guid":{"rendered":"http:\/\/www.parroquiavirgendelcortijo.es\/?p=1131"},"modified":"2018-01-03T09:16:13","modified_gmt":"2018-01-03T08:16:13","slug":"encuentros-para-matrimonios-jovenes-2","status":"publish","type":"post","link":"https:\/\/www.parroquiavirgendelcortijo.es\/?p=1131","title":{"rendered":"Encuentros para matrimonios j\u00f3venes"},"content":{"rendered":"<p>Desde el a\u00f1o pasado venimos llevando a cabo unos encuentros de matrimonios, con el fin de encontrar un espacio en el que podamos compartir nuestras experiencias, a la luz de la Palabra de Dios. Hablar de lo que nos pasa en nuestro matrimonio, de las dificultades que encontramos en el d\u00eda a d\u00eda, de las inquietudes que surgen, etc.<\/p>\n<p>En los encuentros, se participa dando una experiencia sin obligar a hablar a nadie, y a veces se entabla un di\u00e1logo muy fruct\u00edfero y que nos ayuda a todos en esta vocaci\u00f3n al matrimonio.<\/p>\n<p>Este curso, los encuentros tendr\u00e1n lugar los lunes&#8230;<\/p>\n<ul>\n<li>18 de diciembre<\/li>\n<li>22 de enero<\/li>\n<li>26 de marzo<\/li>\n<li>23 de abril<\/li>\n<li>4 de junio<\/li>\n<\/ul>\n<p>ser\u00e1n a las 21:00 y durar\u00e1n aproximadamente una hora.<\/p>\n<p>Si alguno de los asistentes ten\u00e9is ni\u00f1os peque\u00f1os, podemos buscar algunas cuidadoras, que estar\u00e1n en otra sala en la parroquia durante el ratito del encuentro. Simplemente avisad con un poco de tiempo para que hagamos los preparativos.<\/p>\n<p>Preguntad en el despacho parroquial si est\u00e1is interesados. \u00a1Os esperamos!<\/p>\n<p>&nbsp;<\/p>\n<blockquote><p>No os desanim\u00e9is, porque no est\u00e1is solos: el Se\u00f1or nunca dejar\u00e1 de acompa\u00f1arnos.<\/p>\n<p>San Juan Pablo II (3 de mayo de 2003)<\/p><\/blockquote>\n","protected":false},"excerpt":{"rendered":"<p>Desde el a\u00f1o pasado venimos llevando a cabo unos encuentros de matrimonios, con el fin de encontrar un espacio en el que podamos compartir nuestras experiencias, a la luz de &hellip; <a href=\"https:\/\/www.parroquiavirgendelcortijo.es\/?p=1131\" class=\"more-link\">Seguir leyendo <span class=\"screen-reader-text\">Encuentros para matrimonios j\u00f3venes<\/span> <span class=\"meta-nav\">&rarr;<\/span><\/a><\/p>\n","protected":false},"author":1,"featured_media":894,"comment_status":"closed","ping_status":"closed","sticky":false,"template":"","format":"standard","meta":{"footnotes":""},"categories":[8,9],"tags":[],"class_list":["post-1131","post","type-post","status-publish","format-standard","has-post-thumbnail","hentry","category-actividades","category-pastoral"],"jetpack_featured_media_url":"https:\/\/www.parroquiavirgendelcortijo.es\/wp-content\/uploads\/2017\/04\/act-encuentroMatrimoniosJovenes-dest.jpg","_links":{"self":[{"href":"https:\/\/www.parroquiavirgendelcortijo.es\/index.php?rest_route=\/wp\/v2\/posts\/1131","targetHints":{"allow":["GET"]}}],"collection":[{"href":"https:\/\/www.parroquiavirgendelcortijo.es\/index.php?rest_route=\/wp\/v2\/posts"}],"about":[{"href":"https:\/\/www.parroquiavirgendelcortijo.es\/index.php?rest_route=\/wp\/v2\/types\/post"}],"author":[{"embeddable":true,"href":"https:\/\/www.parroquiavirgendelcortijo.es\/index.php?rest_route=\/wp\/v2\/users\/1"}],"replies":[{"embeddable":true,"href":"https:\/\/www.parroquiavirgendelcortijo.es\/index.php?rest_route=%2Fwp%2Fv2%2Fcomments&post=1131"}],"version-history":[{"count":3,"href":"https:\/\/www.parroquiavirgendelcortijo.es\/index.php?rest_route=\/wp\/v2\/posts\/1131\/revisions"}],"predecessor-version":[{"id":1153,"href":"https:\/\/www.parroquiavirgendelcortijo.es\/index.php?rest_route=\/wp\/v2\/posts\/1131\/revisions\/1153"}],"wp:featuredmedia":[{"embeddable":true,"href":"https:\/\/www.parroquiavirgendelcortijo.es\/index.php?rest_route=\/wp\/v2\/media\/894"}],"wp:attachment":[{"href":"https:\/\/www.parroquiavirgendelcortijo.es\/index.php?rest_route=%2Fwp%2Fv2%2Fmedia&parent=1131"}],"wp:term":[{"taxonomy":"category","embeddable":true,"href":"https:\/\/www.parroquiavirgendelcortijo.es\/index.php?rest_route=%2Fwp%2Fv2%2Fcategories&post=1131"},{"taxonomy":"post_tag","embeddable":true,"href":"https:\/\/www.parroquiavirgendelcortijo.es\/index.php?rest_route=%2Fwp%2Fv2%2Ftags&post=1131"}],"curies":[{"name":"wp","href":"https:\/\/api.w.org\/{rel}","templated":true}]}}