{"id":1120,"date":"2017-11-25T11:25:49","date_gmt":"2017-11-25T10:25:49","guid":{"rendered":"http:\/\/www.parroquiavirgendelcortijo.es\/?p=1120"},"modified":"2018-09-25T23:02:08","modified_gmt":"2018-09-25T21:02:08","slug":"contribuciones-periodicas","status":"publish","type":"post","link":"https:\/\/www.parroquiavirgendelcortijo.es\/?p=1120","title":{"rendered":"Contribuciones peri\u00f3dicas"},"content":{"rendered":"<p>El Consejo Econ\u00f3mico de la Parroquia desea informar a quienes tienen a bien contribuir con sus bienes al sostenimiento de la misma \u00a0de que:<\/p>\n<p>Los recursos econ\u00f3micos de la Parroquia proceden:<\/p>\n<ul>\n<li>de las obligaciones de los fieles en forma de colecta, cepillo parroquial, limosnas, etc.<\/li>\n<li>de las aportaciones peri\u00f3dicas y fijas de los fieles<\/li>\n<li>de las ofrendas y donativos con ocasi\u00f3n de la administraci\u00f3n de sacramentos y<\/li>\n<li>de las tasas y derechos del despacho parroquial<\/li>\n<\/ul>\n<p>Quedando siempre a salvo la voluntad de los donantes y partiendo del principio de comunicaci\u00f3n cristiana de bienes, los de la<br \/>\nParroquia se destinan a:<\/p>\n<ol>\n<li>la ordenaci\u00f3n del culto divino: construcci\u00f3n, conservaci\u00f3n y restauraci\u00f3n del templo parroquial, de sus dependencias y locales destinados a la actividad parroquial y de la vivienda destinada a los sacerdotes<\/li>\n<li>la honesta sustentaci\u00f3n del clero y de otras personas al servicio de la Iglesia<\/li>\n<li>el ejercicio de las obras de apostolado, de caridad y sociales<\/li>\n<li>el mantenimiento de las instituciones y servicios diocesanos.<\/li>\n<li>las necesidades de la iglesia universal<\/li>\n<li>otras necesidades espec\u00edficas cuando se trata de colectas o campa\u00f1as determinadas<\/li>\n<\/ol>\n<p>En breve, deseamos acometer algunas mejoras respecto de la iluminaci\u00f3n en el Templo, consistentes en el cambio a\u00a0tecnolog\u00eda LED, que proporcionar\u00e1 una reducci\u00f3n del gasto el\u00e9ctrico en torno a un 70 % de la factura actual. La modificaci\u00f3n\u00a0no s\u00f3lo se emprende por razones de abaratamiento en el coste, que de por s\u00ed resultan ciertamente rese\u00f1ables, sino tambi\u00e9n por conceder al espacio de la celebraci\u00f3n lit\u00fargico-sacramental la dignidad y belleza que reclama.<\/p>\n<p>Por ello solicitamos nuevas contribuciones peri\u00f3dicas a trav\u00e9s del modelo de suscripci\u00f3n que pueden descargar a trav\u00e9s de <a href=\"http:\/\/www.parroquiavirgendelcortijo.es\/wp-content\/uploads\/2017\/11\/hojaDeSuscripciones.pdf\" target=\"_blank\" rel=\"noopener\">este enlace<\/a> para llevar a cabo el proyecto de adecuaci\u00f3n de la nueva iluminaci\u00f3n.<\/p>\n<p>\u201c<em>L\u00e1mpara es tu Palabra para mis pasos, Luz en mi sendero<\/em>\u201d. Por amor a Cristo, deseamos que la comunidad cristiana se vea\u00a0iluminada interiormente y tambi\u00e9n exteriormente.<\/p>\n<p>Gracias por su colaboraci\u00f3n.<\/p>\n<p>N\u00famero de cuenta para donativos a la Parroquia Virgen del Cortijo: 0049 4437 61 2610005960<\/p>\n","protected":false},"excerpt":{"rendered":"<p>El Consejo Econ\u00f3mico de la Parroquia desea informar a quienes tienen a bien contribuir con sus bienes al sostenimiento de la misma \u00a0de que: Los recursos econ\u00f3micos de la Parroquia &hellip; <a href=\"https:\/\/www.parroquiavirgendelcortijo.es\/?p=1120\" class=\"more-link\">Seguir leyendo <span class=\"screen-reader-text\">Contribuciones peri\u00f3dicas<\/span> <span class=\"meta-nav\">&rarr;<\/span><\/a><\/p>\n","protected":false},"author":1,"featured_media":1189,"comment_status":"closed","ping_status":"closed","sticky":false,"template":"","format":"standard","meta":{"footnotes":""},"categories":[22],"tags":[],"class_list":["post-1120","post","type-post","status-publish","format-standard","has-post-thumbnail","hentry","category-avisos"],"jetpack_featured_media_url":"https:\/\/www.parroquiavirgendelcortijo.es\/wp-content\/uploads\/2017\/10\/gral-suscripciones-dest.jpg","_links":{"self":[{"href":"https:\/\/www.parroquiavirgendelcortijo.es\/index.php?rest_route=\/wp\/v2\/posts\/1120","targetHints":{"allow":["GET"]}}],"collection":[{"href":"https:\/\/www.parroquiavirgendelcortijo.es\/index.php?rest_route=\/wp\/v2\/posts"}],"about":[{"href":"https:\/\/www.parroquiavirgendelcortijo.es\/index.php?rest_route=\/wp\/v2\/types\/post"}],"author":[{"embeddable":true,"href":"https:\/\/www.parroquiavirgendelcortijo.es\/index.php?rest_route=\/wp\/v2\/users\/1"}],"replies":[{"embeddable":true,"href":"https:\/\/www.parroquiavirgendelcortijo.es\/index.php?rest_route=%2Fwp%2Fv2%2Fcomments&post=1120"}],"version-history":[{"count":4,"href":"https:\/\/www.parroquiavirgendelcortijo.es\/index.php?rest_route=\/wp\/v2\/posts\/1120\/revisions"}],"predecessor-version":[{"id":1192,"href":"https:\/\/www.parroquiavirgendelcortijo.es\/index.php?rest_route=\/wp\/v2\/posts\/1120\/revisions\/1192"}],"wp:featuredmedia":[{"embeddable":true,"href":"https:\/\/www.parroquiavirgendelcortijo.es\/index.php?rest_route=\/wp\/v2\/media\/1189"}],"wp:attachment":[{"href":"https:\/\/www.parroquiavirgendelcortijo.es\/index.php?rest_route=%2Fwp%2Fv2%2Fmedia&parent=1120"}],"wp:term":[{"taxonomy":"category","embeddable":true,"href":"https:\/\/www.parroquiavirgendelcortijo.es\/index.php?rest_route=%2Fwp%2Fv2%2Fcategories&post=1120"},{"taxonomy":"post_tag","embeddable":true,"href":"https:\/\/www.parroquiavirgendelcortijo.es\/index.php?rest_route=%2Fwp%2Fv2%2Ftags&post=1120"}],"curies":[{"name":"wp","href":"https:\/\/api.w.org\/{rel}","templated":true}]}}