{"id":1079,"date":"2017-11-13T20:00:34","date_gmt":"2017-11-13T19:00:34","guid":{"rendered":"http:\/\/www.parroquiavirgendelcortijo.es\/?p=1079"},"modified":"2017-12-04T19:31:27","modified_gmt":"2017-12-04T18:31:27","slug":"conferencia-la-oracion-una-relacion-de-amor","status":"publish","type":"post","link":"https:\/\/www.parroquiavirgendelcortijo.es\/?p=1079","title":{"rendered":"Conferencia: La oraci\u00f3n, una relaci\u00f3n de amor"},"content":{"rendered":"<p>El lunes,\u00a027 de noviembre, a las 20:00, Filipa Cunha, a quien conocemos de <a href=\"http:\/\/www.parroquiavirgendelcortijo.es\/?p=738\" target=\"_blank\" rel=\"noopener\">anteriores<\/a> <a href=\"http:\/\/www.parroquiavirgendelcortijo.es\/?p=913\" target=\"_blank\" rel=\"noopener\">charlas<\/a> en la parroquia, nos ofrecer\u00e1 una presentaci\u00f3n con t\u00edtulo <em>La oraci\u00f3n, una relaci\u00f3n de amor<\/em>.<\/p>\n<p>A trav\u00e9s de la belleza del arte \u2013pintura, m\u00fasica, poes\u00eda\u2013 y las ense\u00f1anzas del magisterio de la Iglesia Cat\u00f3lica, Filipa pretende profundizar el amor de Dios por nosotros, que se descubre en la experiencia de la oraci\u00f3n, en el reconocimiento de Su presencia en medio de nuestro sufrimiento y en la gracia del Esp\u00edritu Santo, que nos hace tener los mismos sentimientos que hubo en Jesucristo.<\/p>\n<p>&nbsp;<\/p>\n<p>\u00a1Os esperamos!<\/p>\n","protected":false},"excerpt":{"rendered":"<p>El lunes,\u00a027 de noviembre, a las 20:00, Filipa Cunha, a quien conocemos de anteriores charlas en la parroquia, nos ofrecer\u00e1 una presentaci\u00f3n con t\u00edtulo La oraci\u00f3n, una relaci\u00f3n de amor. &hellip; <a href=\"https:\/\/www.parroquiavirgendelcortijo.es\/?p=1079\" class=\"more-link\">Seguir leyendo <span class=\"screen-reader-text\">Conferencia: La oraci\u00f3n, una relaci\u00f3n de amor<\/span> <span class=\"meta-nav\">&rarr;<\/span><\/a><\/p>\n","protected":false},"author":1,"featured_media":1080,"comment_status":"closed","ping_status":"closed","sticky":false,"template":"","format":"standard","meta":{"footnotes":""},"categories":[8],"tags":[],"class_list":["post-1079","post","type-post","status-publish","format-standard","has-post-thumbnail","hentry","category-actividades"],"jetpack_featured_media_url":"https:\/\/www.parroquiavirgendelcortijo.es\/wp-content\/uploads\/2017\/10\/act-oracionFilipaCunha-dest.jpg","_links":{"self":[{"href":"https:\/\/www.parroquiavirgendelcortijo.es\/index.php?rest_route=\/wp\/v2\/posts\/1079","targetHints":{"allow":["GET"]}}],"collection":[{"href":"https:\/\/www.parroquiavirgendelcortijo.es\/index.php?rest_route=\/wp\/v2\/posts"}],"about":[{"href":"https:\/\/www.parroquiavirgendelcortijo.es\/index.php?rest_route=\/wp\/v2\/types\/post"}],"author":[{"embeddable":true,"href":"https:\/\/www.parroquiavirgendelcortijo.es\/index.php?rest_route=\/wp\/v2\/users\/1"}],"replies":[{"embeddable":true,"href":"https:\/\/www.parroquiavirgendelcortijo.es\/index.php?rest_route=%2Fwp%2Fv2%2Fcomments&post=1079"}],"version-history":[{"count":2,"href":"https:\/\/www.parroquiavirgendelcortijo.es\/index.php?rest_route=\/wp\/v2\/posts\/1079\/revisions"}],"predecessor-version":[{"id":1095,"href":"https:\/\/www.parroquiavirgendelcortijo.es\/index.php?rest_route=\/wp\/v2\/posts\/1079\/revisions\/1095"}],"wp:featuredmedia":[{"embeddable":true,"href":"https:\/\/www.parroquiavirgendelcortijo.es\/index.php?rest_route=\/wp\/v2\/media\/1080"}],"wp:attachment":[{"href":"https:\/\/www.parroquiavirgendelcortijo.es\/index.php?rest_route=%2Fwp%2Fv2%2Fmedia&parent=1079"}],"wp:term":[{"taxonomy":"category","embeddable":true,"href":"https:\/\/www.parroquiavirgendelcortijo.es\/index.php?rest_route=%2Fwp%2Fv2%2Fcategories&post=1079"},{"taxonomy":"post_tag","embeddable":true,"href":"https:\/\/www.parroquiavirgendelcortijo.es\/index.php?rest_route=%2Fwp%2Fv2%2Ftags&post=1079"}],"curies":[{"name":"wp","href":"https:\/\/api.w.org\/{rel}","templated":true}]}}